{"id":2592,"date":"2025-01-12T15:36:13","date_gmt":"2025-01-12T21:36:13","guid":{"rendered":"https:\/\/startersites.io\/blocksy\/blog\/?p=2592"},"modified":"2025-04-01T20:37:41","modified_gmt":"2025-04-02T02:37:41","slug":"egestas-egestas-fringilla-phasellus-faucibus-scelerisque-eleifend","status":"publish","type":"post","link":"https:\/\/san-andres-dinicuiti.org\/hello-world\/egestas-egestas-fringilla-phasellus-faucibus-scelerisque-eleifend\/","title":{"rendered":"TOMA DE PROTESTA AGENCIA DE POLICIA SAN ANTONIO DE LEON"},"content":{"rendered":"\n<figure class=\"wp-block-image size-large\"><img loading=\"lazy\" decoding=\"async\" width=\"1024\" height=\"576\" src=\"https:\/\/san-andres-dinicuiti.org\/wp-content\/uploads\/2020\/01\/ANTONIO-DE-LEON-1024x576.png\" alt=\"\" class=\"wp-image-3431\" srcset=\"https:\/\/san-andres-dinicuiti.org\/wp-content\/uploads\/2020\/01\/ANTONIO-DE-LEON-1024x576.png 1024w, https:\/\/san-andres-dinicuiti.org\/wp-content\/uploads\/2020\/01\/ANTONIO-DE-LEON-300x169.png 300w, https:\/\/san-andres-dinicuiti.org\/wp-content\/uploads\/2020\/01\/ANTONIO-DE-LEON-768x432.png 768w, https:\/\/san-andres-dinicuiti.org\/wp-content\/uploads\/2020\/01\/ANTONIO-DE-LEON.png 1366w\" sizes=\"auto, (max-width: 1024px) 100vw, 1024px\" \/><\/figure>\n\n\n\n<p>El H. Ayuntamiento de San Andr\u00e9s Dinicuiti, encabezado por la presidenta Yessica Cruz Ortiz, realiz\u00f3 la toma de protesta a las autoridades auxiliares de La Agencia de polic\u00eda de San Antonio de le\u00f3n.<\/p>\n\n\n\n<figure class=\"wp-block-image aligncenter size-large is-resized\"><img loading=\"lazy\" decoding=\"async\" width=\"1024\" height=\"768\" src=\"https:\/\/san-andres-dinicuiti.org\/wp-content\/uploads\/2020\/01\/WhatsApp-Image-2025-03-30-at-11.21.58-PM-1-1-1024x768.jpeg\" alt=\"\" class=\"wp-image-3427\" style=\"width:427px;height:auto\" srcset=\"https:\/\/san-andres-dinicuiti.org\/wp-content\/uploads\/2020\/01\/WhatsApp-Image-2025-03-30-at-11.21.58-PM-1-1-1024x768.jpeg 1024w, https:\/\/san-andres-dinicuiti.org\/wp-content\/uploads\/2020\/01\/WhatsApp-Image-2025-03-30-at-11.21.58-PM-1-1-300x225.jpeg 300w, https:\/\/san-andres-dinicuiti.org\/wp-content\/uploads\/2020\/01\/WhatsApp-Image-2025-03-30-at-11.21.58-PM-1-1-768x576.jpeg 768w, https:\/\/san-andres-dinicuiti.org\/wp-content\/uploads\/2020\/01\/WhatsApp-Image-2025-03-30-at-11.21.58-PM-1-1-1536x1152.jpeg 1536w, https:\/\/san-andres-dinicuiti.org\/wp-content\/uploads\/2020\/01\/WhatsApp-Image-2025-03-30-at-11.21.58-PM-1-1.jpeg 1600w\" sizes=\"auto, (max-width: 1024px) 100vw, 1024px\" \/><\/figure>\n\n\n\n<p>Comunicado.<br>En la Agencia de Polic\u00eda de San Antonio de Le\u00f3n, San Andr\u00e9s Dinicuiti, Huajuapan, Oax.- 12 de enero de 2025. La Presidenta municipal constitucional del Honorable Ayuntamiento, en compa\u00f1\u00eda de los integrantes de su cabildo, realiz\u00f3 la toma de protesta del representante electo de la Agencia de Polic\u00eda de San Antonio de Le\u00f3n, para el periodo 2025.<\/p>\n\n\n\n<p>Dando continuidad al proceso de cambio de autoridades auxiliares de este municipio, los actos protocolarios de toma de protesta fueron realizados contando con la presencia de los concejales del ayuntamiento.<\/p>\n\n\n\n<figure class=\"wp-block-image size-large\"><img loading=\"lazy\" decoding=\"async\" width=\"1024\" height=\"768\" src=\"https:\/\/san-andres-dinicuiti.org\/wp-content\/uploads\/2020\/01\/WhatsApp-Image-2025-03-30-at-11.21.58-PM-3-1024x768.jpeg\" alt=\"\" class=\"wp-image-3429\" srcset=\"https:\/\/san-andres-dinicuiti.org\/wp-content\/uploads\/2020\/01\/WhatsApp-Image-2025-03-30-at-11.21.58-PM-3-1024x768.jpeg 1024w, https:\/\/san-andres-dinicuiti.org\/wp-content\/uploads\/2020\/01\/WhatsApp-Image-2025-03-30-at-11.21.58-PM-3-300x225.jpeg 300w, https:\/\/san-andres-dinicuiti.org\/wp-content\/uploads\/2020\/01\/WhatsApp-Image-2025-03-30-at-11.21.58-PM-3-768x576.jpeg 768w, https:\/\/san-andres-dinicuiti.org\/wp-content\/uploads\/2020\/01\/WhatsApp-Image-2025-03-30-at-11.21.58-PM-3-1536x1152.jpeg 1536w, https:\/\/san-andres-dinicuiti.org\/wp-content\/uploads\/2020\/01\/WhatsApp-Image-2025-03-30-at-11.21.58-PM-3.jpeg 1600w\" sizes=\"auto, (max-width: 1024px) 100vw, 1024px\" \/><\/figure>\n\n\n\n<p>El representante electo de la Agencia de Polic\u00eda de San Antonio de Le\u00f3n, agradeci\u00f3 a la Presidenta Yessica Cruz Ortiz y a los concejales el asistir a la comunidad, y construir las nuevas relaciones entre autoridades municipales y autoridades auxiliares, con la \u00fanica finalidad de contribuir y sumar esfuerzos para el progreso y bienestar del Municipio de San Andr\u00e9s Dinicuiti.<br>Dentro de este acto, se ejecut\u00f3 la firma del nombramiento y actas respectivas.<\/p>\n\n\n\n<figure class=\"wp-block-image size-large\"><img loading=\"lazy\" decoding=\"async\" width=\"1024\" height=\"768\" src=\"https:\/\/san-andres-dinicuiti.org\/wp-content\/uploads\/2020\/01\/WhatsApp-Image-2025-03-30-at-11.21.58-PM-1024x768.jpeg\" alt=\"\" class=\"wp-image-3430\" srcset=\"https:\/\/san-andres-dinicuiti.org\/wp-content\/uploads\/2020\/01\/WhatsApp-Image-2025-03-30-at-11.21.58-PM-1024x768.jpeg 1024w, https:\/\/san-andres-dinicuiti.org\/wp-content\/uploads\/2020\/01\/WhatsApp-Image-2025-03-30-at-11.21.58-PM-300x225.jpeg 300w, https:\/\/san-andres-dinicuiti.org\/wp-content\/uploads\/2020\/01\/WhatsApp-Image-2025-03-30-at-11.21.58-PM-768x576.jpeg 768w, https:\/\/san-andres-dinicuiti.org\/wp-content\/uploads\/2020\/01\/WhatsApp-Image-2025-03-30-at-11.21.58-PM-1536x1152.jpeg 1536w, https:\/\/san-andres-dinicuiti.org\/wp-content\/uploads\/2020\/01\/WhatsApp-Image-2025-03-30-at-11.21.58-PM.jpeg 1600w\" sizes=\"auto, (max-width: 1024px) 100vw, 1024px\" \/><\/figure>\n","protected":false},"excerpt":{"rendered":"<p>El H. Ayuntamiento de San Andr\u00e9s Dinicuiti, encabezado por la presidenta Yessica Cruz Ortiz, realiz\u00f3 la toma de protesta a las autoridades auxiliares de La Agencia de polic\u00eda de San Antonio de le\u00f3n. Comunicado.En la Agencia de Polic\u00eda de San Antonio de Le\u00f3n, San Andr\u00e9s Dinicuiti, Huajuapan, Oax.- 12 de enero de 2025. La Presidenta [&hellip;]<\/p>\n","protected":false},"author":1,"featured_media":3426,"comment_status":"open","ping_status":"open","sticky":false,"template":"","format":"standard","meta":{"_gspb_post_css":"","footnotes":""},"categories":[26],"tags":[],"class_list":["post-2592","post","type-post","status-publish","format-standard","has-post-thumbnail","hentry","category-noticias"],"blocksy_meta":{"styles_descriptor":{"styles":{"desktop":"","tablet":"","mobile":""},"google_fonts":[],"version":6}},"_links":{"self":[{"href":"https:\/\/san-andres-dinicuiti.org\/hello-world\/wp-json\/wp\/v2\/posts\/2592","targetHints":{"allow":["GET"]}}],"collection":[{"href":"https:\/\/san-andres-dinicuiti.org\/hello-world\/wp-json\/wp\/v2\/posts"}],"about":[{"href":"https:\/\/san-andres-dinicuiti.org\/hello-world\/wp-json\/wp\/v2\/types\/post"}],"author":[{"embeddable":true,"href":"https:\/\/san-andres-dinicuiti.org\/hello-world\/wp-json\/wp\/v2\/users\/1"}],"replies":[{"embeddable":true,"href":"https:\/\/san-andres-dinicuiti.org\/hello-world\/wp-json\/wp\/v2\/comments?post=2592"}],"version-history":[{"count":2,"href":"https:\/\/san-andres-dinicuiti.org\/hello-world\/wp-json\/wp\/v2\/posts\/2592\/revisions"}],"predecessor-version":[{"id":3432,"href":"https:\/\/san-andres-dinicuiti.org\/hello-world\/wp-json\/wp\/v2\/posts\/2592\/revisions\/3432"}],"wp:featuredmedia":[{"embeddable":true,"href":"https:\/\/san-andres-dinicuiti.org\/hello-world\/wp-json\/wp\/v2\/media\/3426"}],"wp:attachment":[{"href":"https:\/\/san-andres-dinicuiti.org\/hello-world\/wp-json\/wp\/v2\/media?parent=2592"}],"wp:term":[{"taxonomy":"category","embeddable":true,"href":"https:\/\/san-andres-dinicuiti.org\/hello-world\/wp-json\/wp\/v2\/categories?post=2592"},{"taxonomy":"post_tag","embeddable":true,"href":"https:\/\/san-andres-dinicuiti.org\/hello-world\/wp-json\/wp\/v2\/tags?post=2592"}],"curies":[{"name":"wp","href":"https:\/\/api.w.org\/{rel}","templated":true}]}}