{"id":2609,"date":"2025-02-28T11:58:34","date_gmt":"2025-02-28T17:58:34","guid":{"rendered":"https:\/\/startersites.io\/blocksy\/blog\/?p=2609"},"modified":"2025-04-01T20:49:13","modified_gmt":"2025-04-02T02:49:13","slug":"diam-maecenas-ultricies-mi-eget-mauris-bibendum-neque","status":"publish","type":"post","link":"https:\/\/san-andres-dinicuiti.org\/hello-world\/diam-maecenas-ultricies-mi-eget-mauris-bibendum-neque\/","title":{"rendered":"CAPACITACION SECRETARIA DE LAS MUJERES"},"content":{"rendered":"\n<figure class=\"wp-block-image aligncenter size-large is-resized\"><img loading=\"lazy\" decoding=\"async\" width=\"598\" height=\"1024\" src=\"https:\/\/san-andres-dinicuiti.org\/wp-content\/uploads\/2025\/01\/WhatsApp-Image-2025-03-31-at-12.20.28-AM-598x1024.jpeg\" alt=\"\" class=\"wp-image-3453\" style=\"width:355px;height:auto\" srcset=\"https:\/\/san-andres-dinicuiti.org\/wp-content\/uploads\/2025\/01\/WhatsApp-Image-2025-03-31-at-12.20.28-AM-598x1024.jpeg 598w, https:\/\/san-andres-dinicuiti.org\/wp-content\/uploads\/2025\/01\/WhatsApp-Image-2025-03-31-at-12.20.28-AM-175x300.jpeg 175w, https:\/\/san-andres-dinicuiti.org\/wp-content\/uploads\/2025\/01\/WhatsApp-Image-2025-03-31-at-12.20.28-AM-768x1316.jpeg 768w, https:\/\/san-andres-dinicuiti.org\/wp-content\/uploads\/2025\/01\/WhatsApp-Image-2025-03-31-at-12.20.28-AM-897x1536.jpeg 897w, https:\/\/san-andres-dinicuiti.org\/wp-content\/uploads\/2025\/01\/WhatsApp-Image-2025-03-31-at-12.20.28-AM.jpeg 934w\" sizes=\"auto, (max-width: 598px) 100vw, 598px\" \/><\/figure>\n\n\n\n<p>El H. Ayuntamiento de San Andr\u00e9s Dinicuiti, encabezado por la presidenta Yessica Cruz Ortiz, asisti\u00f3 a la capacitaci\u00f3n impartida por la Secretaria de las Mujeres en el Estado de Oaxaca con sede en la capital Oaxaque\u00f1a.<\/p>\n\n\n\n<figure class=\"wp-block-image aligncenter size-large is-resized\"><img loading=\"lazy\" decoding=\"async\" width=\"1024\" height=\"768\" src=\"https:\/\/san-andres-dinicuiti.org\/wp-content\/uploads\/2025\/01\/WhatsApp-Image-2025-03-31-at-12.20.06-AM-1024x768.jpeg\" alt=\"\" class=\"wp-image-3451\" style=\"width:447px;height:auto\" srcset=\"https:\/\/san-andres-dinicuiti.org\/wp-content\/uploads\/2025\/01\/WhatsApp-Image-2025-03-31-at-12.20.06-AM-1024x768.jpeg 1024w, https:\/\/san-andres-dinicuiti.org\/wp-content\/uploads\/2025\/01\/WhatsApp-Image-2025-03-31-at-12.20.06-AM-300x225.jpeg 300w, https:\/\/san-andres-dinicuiti.org\/wp-content\/uploads\/2025\/01\/WhatsApp-Image-2025-03-31-at-12.20.06-AM-768x576.jpeg 768w, https:\/\/san-andres-dinicuiti.org\/wp-content\/uploads\/2025\/01\/WhatsApp-Image-2025-03-31-at-12.20.06-AM-1536x1152.jpeg 1536w, https:\/\/san-andres-dinicuiti.org\/wp-content\/uploads\/2025\/01\/WhatsApp-Image-2025-03-31-at-12.20.06-AM.jpeg 1600w\" sizes=\"auto, (max-width: 1024px) 100vw, 1024px\" \/><\/figure>\n\n\n\n<p>Comunicado.<br>Oaxaca de Ju\u00e1rez, Oax.- 28 de febrero de 2025. La Presidenta municipal constitucional del Honorable Ayuntamiento, en compa\u00f1\u00eda de los integrantes de su cabildo, as\u00ed como directivos y Alcalde Municipal, acudieron a la ciudad de Oaxaca con la finalidad de recibir una capacitaci\u00f3n sobre el tema de &#8220;Paridad, una cuesti\u00f3n de democracia&#8221; en atenci\u00f3n a la sentencia Emitida dentro del expediente JDC\/58\/2023.<\/p>\n\n\n\n<figure class=\"wp-block-image aligncenter size-large is-resized\"><img loading=\"lazy\" decoding=\"async\" width=\"1024\" height=\"768\" src=\"https:\/\/san-andres-dinicuiti.org\/wp-content\/uploads\/2025\/01\/WhatsApp-Image-2025-03-31-at-12.20.06-AM-1-1024x768.jpeg\" alt=\"\" class=\"wp-image-3448\" style=\"width:467px;height:auto\" srcset=\"https:\/\/san-andres-dinicuiti.org\/wp-content\/uploads\/2025\/01\/WhatsApp-Image-2025-03-31-at-12.20.06-AM-1-1024x768.jpeg 1024w, https:\/\/san-andres-dinicuiti.org\/wp-content\/uploads\/2025\/01\/WhatsApp-Image-2025-03-31-at-12.20.06-AM-1-300x225.jpeg 300w, https:\/\/san-andres-dinicuiti.org\/wp-content\/uploads\/2025\/01\/WhatsApp-Image-2025-03-31-at-12.20.06-AM-1-768x576.jpeg 768w, https:\/\/san-andres-dinicuiti.org\/wp-content\/uploads\/2025\/01\/WhatsApp-Image-2025-03-31-at-12.20.06-AM-1-1536x1152.jpeg 1536w, https:\/\/san-andres-dinicuiti.org\/wp-content\/uploads\/2025\/01\/WhatsApp-Image-2025-03-31-at-12.20.06-AM-1.jpeg 1600w\" sizes=\"auto, (max-width: 1024px) 100vw, 1024px\" \/><\/figure>\n","protected":false},"excerpt":{"rendered":"<p>El H. Ayuntamiento de San Andr\u00e9s Dinicuiti, encabezado por la presidenta Yessica Cruz Ortiz, asisti\u00f3 a la capacitaci\u00f3n impartida por la Secretaria de las Mujeres en el Estado de Oaxaca con sede en la capital Oaxaque\u00f1a. Comunicado.Oaxaca de Ju\u00e1rez, Oax.- 28 de febrero de 2025. La Presidenta municipal constitucional del Honorable Ayuntamiento, en compa\u00f1\u00eda de [&hellip;]<\/p>\n","protected":false},"author":1,"featured_media":3450,"comment_status":"open","ping_status":"open","sticky":false,"template":"","format":"standard","meta":{"_gspb_post_css":"","footnotes":""},"categories":[26],"tags":[],"class_list":["post-2609","post","type-post","status-publish","format-standard","has-post-thumbnail","hentry","category-noticias"],"blocksy_meta":{"styles_descriptor":{"styles":{"desktop":"","tablet":"","mobile":""},"google_fonts":[],"version":6}},"_links":{"self":[{"href":"https:\/\/san-andres-dinicuiti.org\/hello-world\/wp-json\/wp\/v2\/posts\/2609","targetHints":{"allow":["GET"]}}],"collection":[{"href":"https:\/\/san-andres-dinicuiti.org\/hello-world\/wp-json\/wp\/v2\/posts"}],"about":[{"href":"https:\/\/san-andres-dinicuiti.org\/hello-world\/wp-json\/wp\/v2\/types\/post"}],"author":[{"embeddable":true,"href":"https:\/\/san-andres-dinicuiti.org\/hello-world\/wp-json\/wp\/v2\/users\/1"}],"replies":[{"embeddable":true,"href":"https:\/\/san-andres-dinicuiti.org\/hello-world\/wp-json\/wp\/v2\/comments?post=2609"}],"version-history":[{"count":4,"href":"https:\/\/san-andres-dinicuiti.org\/hello-world\/wp-json\/wp\/v2\/posts\/2609\/revisions"}],"predecessor-version":[{"id":3455,"href":"https:\/\/san-andres-dinicuiti.org\/hello-world\/wp-json\/wp\/v2\/posts\/2609\/revisions\/3455"}],"wp:featuredmedia":[{"embeddable":true,"href":"https:\/\/san-andres-dinicuiti.org\/hello-world\/wp-json\/wp\/v2\/media\/3450"}],"wp:attachment":[{"href":"https:\/\/san-andres-dinicuiti.org\/hello-world\/wp-json\/wp\/v2\/media?parent=2609"}],"wp:term":[{"taxonomy":"category","embeddable":true,"href":"https:\/\/san-andres-dinicuiti.org\/hello-world\/wp-json\/wp\/v2\/categories?post=2609"},{"taxonomy":"post_tag","embeddable":true,"href":"https:\/\/san-andres-dinicuiti.org\/hello-world\/wp-json\/wp\/v2\/tags?post=2609"}],"curies":[{"name":"wp","href":"https:\/\/api.w.org\/{rel}","templated":true}]}}