{"id":2632,"date":"2025-04-01T12:25:18","date_gmt":"2025-04-01T18:25:18","guid":{"rendered":"https:\/\/startersites.io\/blocksy\/blog\/?p=2632"},"modified":"2025-04-03T01:37:04","modified_gmt":"2025-04-03T07:37:04","slug":"comision-lazaro-cardenas","status":"publish","type":"post","link":"https:\/\/san-andres-dinicuiti.org\/hello-world\/comision-lazaro-cardenas\/","title":{"rendered":"COMISION LAZARO CARDENAS"},"content":{"rendered":"\n<figure class=\"wp-block-image aligncenter size-full is-resized\"><img loading=\"lazy\" decoding=\"async\" width=\"944\" height=\"755\" src=\"https:\/\/san-andres-dinicuiti.org\/wp-content\/uploads\/2025\/04\/COMISION-LAZARO-CARDENAS.gif\" alt=\"\" class=\"wp-image-3494\" style=\"width:376px;height:auto\"\/><\/figure>\n\n\n\n<p>El H. ayuntamiento de San Andr\u00e9s Dinicuiti Encabezado por la C. presidenta Yessica Cruz Ortiz participo en la comisi\u00f3n del<strong> Plan General L\u00e1zaro C\u00e1rdenas del R\u00edo <\/strong>para modernizar Oaxaca. <\/p>\n\n\n\n<figure class=\"wp-block-image aligncenter size-large is-resized\"><img loading=\"lazy\" decoding=\"async\" width=\"1024\" height=\"768\" src=\"https:\/\/san-andres-dinicuiti.org\/wp-content\/uploads\/2025\/04\/WhatsApp-Image-2025-04-02-at-2.52.18-PM-1-1-1024x768.jpeg\" alt=\"\" class=\"wp-image-3497\" style=\"width:337px;height:auto\" srcset=\"https:\/\/san-andres-dinicuiti.org\/wp-content\/uploads\/2025\/04\/WhatsApp-Image-2025-04-02-at-2.52.18-PM-1-1-1024x768.jpeg 1024w, https:\/\/san-andres-dinicuiti.org\/wp-content\/uploads\/2025\/04\/WhatsApp-Image-2025-04-02-at-2.52.18-PM-1-1-300x225.jpeg 300w, https:\/\/san-andres-dinicuiti.org\/wp-content\/uploads\/2025\/04\/WhatsApp-Image-2025-04-02-at-2.52.18-PM-1-1-768x576.jpeg 768w, https:\/\/san-andres-dinicuiti.org\/wp-content\/uploads\/2025\/04\/WhatsApp-Image-2025-04-02-at-2.52.18-PM-1-1-1536x1152.jpeg 1536w, https:\/\/san-andres-dinicuiti.org\/wp-content\/uploads\/2025\/04\/WhatsApp-Image-2025-04-02-at-2.52.18-PM-1-1.jpeg 1600w\" sizes=\"auto, (max-width: 1024px) 100vw, 1024px\" \/><\/figure>\n\n\n\n<p>En el Palacio Municipal de San Andr\u00e9s Dinicuiti as\u00ed como en el municipio de Santo Domingo Yodoino, el pasado martes 01 de abril del presente a\u00f1o Representantes del Instituto nacional de los pueblos ind\u00edgenas, la Dra. Gabriela Irene l\u00e1zaro Mendoza jefa de la de la jurisdicci\u00f3n sanitaria 05 mixteca de los servicios de salud de Oaxaca Yonathan N\u00fa\u00f1ez en Representaci\u00f3n de la directora del instituto de Planeaci\u00f3n la Lic. Juanita Cruz. \u00a0\u00a0Al dar a conocer en Oaxaca los detalles de la implementaci\u00f3n del Plan General L\u00e1zaro C\u00e1rdenas, un ambicioso proyecto de infraestructura y desarrollo econ\u00f3mico, que busca transformar la regi\u00f3n.<\/p>\n\n\n\n<figure class=\"wp-block-image aligncenter size-large is-resized\"><img loading=\"lazy\" decoding=\"async\" width=\"1024\" height=\"768\" src=\"https:\/\/san-andres-dinicuiti.org\/wp-content\/uploads\/2025\/04\/WhatsApp-Image-2025-04-02-at-2.52.17-PM-1-1024x768.jpeg\" alt=\"\" class=\"wp-image-3498\" style=\"width:346px;height:auto\" srcset=\"https:\/\/san-andres-dinicuiti.org\/wp-content\/uploads\/2025\/04\/WhatsApp-Image-2025-04-02-at-2.52.17-PM-1-1024x768.jpeg 1024w, https:\/\/san-andres-dinicuiti.org\/wp-content\/uploads\/2025\/04\/WhatsApp-Image-2025-04-02-at-2.52.17-PM-1-300x225.jpeg 300w, https:\/\/san-andres-dinicuiti.org\/wp-content\/uploads\/2025\/04\/WhatsApp-Image-2025-04-02-at-2.52.17-PM-1-768x576.jpeg 768w, https:\/\/san-andres-dinicuiti.org\/wp-content\/uploads\/2025\/04\/WhatsApp-Image-2025-04-02-at-2.52.17-PM-1-1536x1152.jpeg 1536w, https:\/\/san-andres-dinicuiti.org\/wp-content\/uploads\/2025\/04\/WhatsApp-Image-2025-04-02-at-2.52.17-PM-1.jpeg 1600w\" sizes=\"auto, (max-width: 1024px) 100vw, 1024px\" \/><\/figure>\n\n\n\n<p>Esta iniciativa, no solo rinde homenaje al expresidente L\u00e1zaro C\u00e1rdenas, sino que tambi\u00e9n responde a un compromiso del gobierno de la 4T para impulsar la modernizaci\u00f3n de las regiones m\u00e1s necesitadas del pa\u00eds.<\/p>\n\n\n\n<p>La \u201cComisi\u00f3n General L\u00e1zaro C\u00e1rdenas del R\u00edo\u201d, tendr\u00e1 un desarrollo integral de las comunidades en Oaxaca, Puebla y Guerrero, con estrategia en la infraestructura, salud y el bienestar social.<\/p>\n\n\n\n<figure class=\"wp-block-image aligncenter size-large is-resized\"><img loading=\"lazy\" decoding=\"async\" width=\"1024\" height=\"768\" src=\"https:\/\/san-andres-dinicuiti.org\/wp-content\/uploads\/2025\/04\/WhatsApp-Image-2025-04-02-at-2.52.17-PM-2-1024x768.jpeg\" alt=\"\" class=\"wp-image-3499\" style=\"width:335px;height:auto\" srcset=\"https:\/\/san-andres-dinicuiti.org\/wp-content\/uploads\/2025\/04\/WhatsApp-Image-2025-04-02-at-2.52.17-PM-2-1024x768.jpeg 1024w, https:\/\/san-andres-dinicuiti.org\/wp-content\/uploads\/2025\/04\/WhatsApp-Image-2025-04-02-at-2.52.17-PM-2-300x225.jpeg 300w, https:\/\/san-andres-dinicuiti.org\/wp-content\/uploads\/2025\/04\/WhatsApp-Image-2025-04-02-at-2.52.17-PM-2-768x576.jpeg 768w, https:\/\/san-andres-dinicuiti.org\/wp-content\/uploads\/2025\/04\/WhatsApp-Image-2025-04-02-at-2.52.17-PM-2-1536x1152.jpeg 1536w, https:\/\/san-andres-dinicuiti.org\/wp-content\/uploads\/2025\/04\/WhatsApp-Image-2025-04-02-at-2.52.17-PM-2.jpeg 1600w\" sizes=\"auto, (max-width: 1024px) 100vw, 1024px\" \/><\/figure>\n\n\n\n<p>Dichos representantes argumentaron que vienen en la comisi\u00f3n de revisar y analizar <strong>cu\u00e1les son las necesidades y prioridades que hay actualmente en el municipio<\/strong><\/p>\n\n\n\n<p><em>\u201cvenimos a trabajar en conjunto, venimos a sumar a su gobierno municipal para que pueda trabajar con el gobierno del estado y con el gobierno federal\u201c palabras de <\/em>Yonathan N\u00fa\u00f1ez reafirmando lo deseos de el Ing. Salom\u00f3n jara y de la Lic. Juanita Cruz.<\/p>\n\n\n\n<figure class=\"wp-block-image aligncenter size-large is-resized\"><img loading=\"lazy\" decoding=\"async\" width=\"1024\" height=\"768\" src=\"https:\/\/san-andres-dinicuiti.org\/wp-content\/uploads\/2025\/04\/WhatsApp-Image-2025-04-02-at-2.52.19-PM-1024x768.jpeg\" alt=\"\" class=\"wp-image-3500\" style=\"width:368px;height:auto\" srcset=\"https:\/\/san-andres-dinicuiti.org\/wp-content\/uploads\/2025\/04\/WhatsApp-Image-2025-04-02-at-2.52.19-PM-1024x768.jpeg 1024w, https:\/\/san-andres-dinicuiti.org\/wp-content\/uploads\/2025\/04\/WhatsApp-Image-2025-04-02-at-2.52.19-PM-300x225.jpeg 300w, https:\/\/san-andres-dinicuiti.org\/wp-content\/uploads\/2025\/04\/WhatsApp-Image-2025-04-02-at-2.52.19-PM-768x576.jpeg 768w, https:\/\/san-andres-dinicuiti.org\/wp-content\/uploads\/2025\/04\/WhatsApp-Image-2025-04-02-at-2.52.19-PM-1536x1152.jpeg 1536w, https:\/\/san-andres-dinicuiti.org\/wp-content\/uploads\/2025\/04\/WhatsApp-Image-2025-04-02-at-2.52.19-PM.jpeg 1600w\" sizes=\"auto, (max-width: 1024px) 100vw, 1024px\" \/><\/figure>\n","protected":false},"excerpt":{"rendered":"<p>El H. ayuntamiento de San Andr\u00e9s Dinicuiti Encabezado por la C. presidenta Yessica Cruz Ortiz participo en la comisi\u00f3n del Plan General L\u00e1zaro C\u00e1rdenas del R\u00edo para modernizar Oaxaca. En el Palacio Municipal de San Andr\u00e9s Dinicuiti as\u00ed como en el municipio de Santo Domingo Yodoino, el pasado martes 01 de abril del presente a\u00f1o [&hellip;]<\/p>\n","protected":false},"author":1,"featured_media":3496,"comment_status":"open","ping_status":"open","sticky":false,"template":"","format":"standard","meta":{"_gspb_post_css":"","footnotes":""},"categories":[26],"tags":[],"class_list":["post-2632","post","type-post","status-publish","format-standard","has-post-thumbnail","hentry","category-noticias"],"blocksy_meta":{"styles_descriptor":{"styles":{"desktop":"","tablet":"","mobile":""},"google_fonts":[],"version":6}},"_links":{"self":[{"href":"https:\/\/san-andres-dinicuiti.org\/hello-world\/wp-json\/wp\/v2\/posts\/2632","targetHints":{"allow":["GET"]}}],"collection":[{"href":"https:\/\/san-andres-dinicuiti.org\/hello-world\/wp-json\/wp\/v2\/posts"}],"about":[{"href":"https:\/\/san-andres-dinicuiti.org\/hello-world\/wp-json\/wp\/v2\/types\/post"}],"author":[{"embeddable":true,"href":"https:\/\/san-andres-dinicuiti.org\/hello-world\/wp-json\/wp\/v2\/users\/1"}],"replies":[{"embeddable":true,"href":"https:\/\/san-andres-dinicuiti.org\/hello-world\/wp-json\/wp\/v2\/comments?post=2632"}],"version-history":[{"count":3,"href":"https:\/\/san-andres-dinicuiti.org\/hello-world\/wp-json\/wp\/v2\/posts\/2632\/revisions"}],"predecessor-version":[{"id":3501,"href":"https:\/\/san-andres-dinicuiti.org\/hello-world\/wp-json\/wp\/v2\/posts\/2632\/revisions\/3501"}],"wp:featuredmedia":[{"embeddable":true,"href":"https:\/\/san-andres-dinicuiti.org\/hello-world\/wp-json\/wp\/v2\/media\/3496"}],"wp:attachment":[{"href":"https:\/\/san-andres-dinicuiti.org\/hello-world\/wp-json\/wp\/v2\/media?parent=2632"}],"wp:term":[{"taxonomy":"category","embeddable":true,"href":"https:\/\/san-andres-dinicuiti.org\/hello-world\/wp-json\/wp\/v2\/categories?post=2632"},{"taxonomy":"post_tag","embeddable":true,"href":"https:\/\/san-andres-dinicuiti.org\/hello-world\/wp-json\/wp\/v2\/tags?post=2632"}],"curies":[{"name":"wp","href":"https:\/\/api.w.org\/{rel}","templated":true}]}}