{"id":3510,"date":"2025-04-26T12:31:52","date_gmt":"2025-04-26T18:31:52","guid":{"rendered":"https:\/\/san-andres-dinicuiti.org\/hello-world\/?p=3510"},"modified":"2025-05-05T16:36:29","modified_gmt":"2025-05-05T22:36:29","slug":"mas-de-12-millones-de-pesos-respaldan-el-bienestar-de-san-andres-dinicuiti-un-esfuerzo-conjunto-entre-el-gobierno-estatal-municipal-y-el-instituto-de-planeacion-para-el-bienestar","status":"publish","type":"post","link":"https:\/\/san-andres-dinicuiti.org\/hello-world\/mas-de-12-millones-de-pesos-respaldan-el-bienestar-de-san-andres-dinicuiti-un-esfuerzo-conjunto-entre-el-gobierno-estatal-municipal-y-el-instituto-de-planeacion-para-el-bienestar\/","title":{"rendered":"IMPULSAN EL BIENESTAR DE SAN ANDR\u00c9S DINICUITI CON M\u00c1S DE 12 MDP"},"content":{"rendered":"\n<figure class=\"wp-block-image aligncenter size-large\"><img loading=\"lazy\" decoding=\"async\" width=\"1024\" height=\"683\" src=\"https:\/\/san-andres-dinicuiti.org\/wp-content\/uploads\/2025\/05\/DHL_8057-1024x683.jpg\" alt=\"\" class=\"wp-image-3512\" srcset=\"https:\/\/san-andres-dinicuiti.org\/wp-content\/uploads\/2025\/05\/DHL_8057-1024x683.jpg 1024w, https:\/\/san-andres-dinicuiti.org\/wp-content\/uploads\/2025\/05\/DHL_8057-300x200.jpg 300w, https:\/\/san-andres-dinicuiti.org\/wp-content\/uploads\/2025\/05\/DHL_8057-768x512.jpg 768w, https:\/\/san-andres-dinicuiti.org\/wp-content\/uploads\/2025\/05\/DHL_8057-1536x1024.jpg 1536w, https:\/\/san-andres-dinicuiti.org\/wp-content\/uploads\/2025\/05\/DHL_8057-2048x1365.jpg 2048w\" sizes=\"auto, (max-width: 1024px) 100vw, 1024px\" \/><\/figure>\n\n\n\n<p>San Andr\u00e9s Dinicuiti, Oax., 26 de abril de 2025. \u2013 En el marco de la estrategia <strong>&#8220;Trabajo que Transforma tu Municipio&#8221;<\/strong>, el Gobernador del Estado, <strong>Ing. Salom\u00f3n Jara Cruz<\/strong>, en coordinaci\u00f3n con la <strong>Presidenta Municipal, C. Yessica Cruz Ortiz<\/strong>, y con el respaldo de la <strong>Directora General del Instituto de Planeaci\u00f3n para el Bienestar, Lic. Juanita Cruz Cruz<\/strong>, anunci\u00f3 una inversi\u00f3n hist\u00f3rica de <strong>12 millones 300 mil pesos<\/strong> para impulsar el desarrollo integral de nuestro municipio.<\/p>\n\n\n\n<figure class=\"wp-block-image aligncenter size-large\"><img loading=\"lazy\" decoding=\"async\" width=\"1024\" height=\"683\" src=\"https:\/\/san-andres-dinicuiti.org\/wp-content\/uploads\/2025\/05\/DHL_7767-1-1024x683.jpg\" alt=\"\" class=\"wp-image-3513\" srcset=\"https:\/\/san-andres-dinicuiti.org\/wp-content\/uploads\/2025\/05\/DHL_7767-1-1024x683.jpg 1024w, https:\/\/san-andres-dinicuiti.org\/wp-content\/uploads\/2025\/05\/DHL_7767-1-300x200.jpg 300w, https:\/\/san-andres-dinicuiti.org\/wp-content\/uploads\/2025\/05\/DHL_7767-1-768x512.jpg 768w, https:\/\/san-andres-dinicuiti.org\/wp-content\/uploads\/2025\/05\/DHL_7767-1-1536x1024.jpg 1536w, https:\/\/san-andres-dinicuiti.org\/wp-content\/uploads\/2025\/05\/DHL_7767-1-2048x1365.jpg 2048w\" sizes=\"auto, (max-width: 1024px) 100vw, 1024px\" \/><\/figure>\n\n\n\n<p>Entre las acciones prioritarias destaca la <strong>rehabilitaci\u00f3n de la pavimentaci\u00f3n de la entrada principal a San Andr\u00e9s Dinicuiti<\/strong>, una demanda sentida por a\u00f1os entre la poblaci\u00f3n, que ahora ser\u00e1 atendida con una inversi\u00f3n de <strong>10 millones de pesos<\/strong>, mejorando as\u00ed la movilidad de personas y productos.<\/p>\n\n\n\n<figure class=\"wp-block-image aligncenter size-large\"><img loading=\"lazy\" decoding=\"async\" width=\"1024\" height=\"683\" src=\"https:\/\/san-andres-dinicuiti.org\/wp-content\/uploads\/2025\/05\/DHL_7912-1-1024x683.jpg\" alt=\"\" class=\"wp-image-3514\" srcset=\"https:\/\/san-andres-dinicuiti.org\/wp-content\/uploads\/2025\/05\/DHL_7912-1-1024x683.jpg 1024w, https:\/\/san-andres-dinicuiti.org\/wp-content\/uploads\/2025\/05\/DHL_7912-1-300x200.jpg 300w, https:\/\/san-andres-dinicuiti.org\/wp-content\/uploads\/2025\/05\/DHL_7912-1-768x512.jpg 768w, https:\/\/san-andres-dinicuiti.org\/wp-content\/uploads\/2025\/05\/DHL_7912-1-1536x1024.jpg 1536w, https:\/\/san-andres-dinicuiti.org\/wp-content\/uploads\/2025\/05\/DHL_7912-1-2048x1366.jpg 2048w\" sizes=\"auto, (max-width: 1024px) 100vw, 1024px\" \/><\/figure>\n\n\n\n<p>Asimismo, se han destinado recursos para fortalecer sectores clave como <strong>salud, educaci\u00f3n, alimentaci\u00f3n, infraestructura y caminos<\/strong>, con acciones como:<\/p>\n\n\n\n<ul class=\"wp-block-list\">\n<li><strong>Atenci\u00f3n a la salud:<\/strong> El Centro de Salud de un N\u00facleo B\u00e1sico recibi\u00f3 <strong>400 mil pesos<\/strong> mediante el programa <em>La Cl\u00ednica es Nuestra<\/em>, mejorando su infraestructura y abasto de medicamentos.<\/li>\n\n\n\n<li><strong>Alimentaci\u00f3n:<\/strong> Programas como <em>Guisos de mi Pueblo<\/em> y <em>Autosuficiencia Alimentaria<\/em> brindan apoyo alimentario, semillas, insumos, capacitaci\u00f3n t\u00e9cnica y aves de corral para la cabecera y agencias municipales.<\/li>\n\n\n\n<li><strong>Educaci\u00f3n:<\/strong> Se atender\u00e1n <strong>11 instituciones educativas<\/strong> con una matr\u00edcula de <strong>480 estudiantes<\/strong>, con entrega de mobiliario, equipo de c\u00f3mputo, proyectores, pizarrones y materiales diversos por un monto de <strong>1 mill\u00f3n 472 mil pesos<\/strong>.<\/li>\n\n\n\n<li><strong>Infraestructura educativa:<\/strong> Construcci\u00f3n de techados, bibliotecas, comedores escolares y dotaci\u00f3n de equipos en diferentes niveles educativos.<\/li>\n\n\n\n<li><strong>Bienestar social:<\/strong> A trav\u00e9s del programa <em>Tarjeta Margarita Maza<\/em>, <strong>20 jefas de familia<\/strong> en situaci\u00f3n de pobreza extrema recibir\u00e1n <strong>240 mil pesos<\/strong> en apoyos directos.<\/li>\n\n\n\n<li><strong>Obras complementarias:<\/strong> Se entregar\u00e1n <strong>2 toneladas de material para pavimentaci\u00f3n<\/strong> en caminos de las agencias y calles locales, as\u00ed como <strong>actas de nacimiento gratuitas<\/strong> por parte del Registro Civil.<\/li>\n\n\n\n<li><strong>Proyecto ambiental:<\/strong> Se impulsar\u00e1 la construcci\u00f3n de una <strong>planta de tratamiento de aguas residuales<\/strong>, que beneficiar\u00e1 a la poblaci\u00f3n en el cuidado del medio ambiente.<\/li>\n<\/ul>\n\n\n\n<figure class=\"wp-block-image aligncenter size-large\"><img loading=\"lazy\" decoding=\"async\" width=\"1024\" height=\"683\" src=\"https:\/\/san-andres-dinicuiti.org\/wp-content\/uploads\/2025\/05\/DHL_8017-1024x683.jpg\" alt=\"\" class=\"wp-image-3515\" srcset=\"https:\/\/san-andres-dinicuiti.org\/wp-content\/uploads\/2025\/05\/DHL_8017-1024x683.jpg 1024w, https:\/\/san-andres-dinicuiti.org\/wp-content\/uploads\/2025\/05\/DHL_8017-300x200.jpg 300w, https:\/\/san-andres-dinicuiti.org\/wp-content\/uploads\/2025\/05\/DHL_8017-768x512.jpg 768w, https:\/\/san-andres-dinicuiti.org\/wp-content\/uploads\/2025\/05\/DHL_8017-1536x1024.jpg 1536w, https:\/\/san-andres-dinicuiti.org\/wp-content\/uploads\/2025\/05\/DHL_8017-2048x1366.jpg 2048w\" sizes=\"auto, (max-width: 1024px) 100vw, 1024px\" \/><\/figure>\n\n\n\n<p>Gracias a este trabajo coordinado entre los tres niveles de gobierno, hoy San Andr\u00e9s Dinicuiti avanza firmemente hacia un futuro con mayor bienestar, justicia social y oportunidades para todas y todos.<\/p>\n\n\n\n<figure class=\"wp-block-image size-large\"><img loading=\"lazy\" decoding=\"async\" width=\"1024\" height=\"683\" src=\"https:\/\/san-andres-dinicuiti.org\/wp-content\/uploads\/2025\/05\/DHL_7705-1-1024x683.jpg\" alt=\"\" class=\"wp-image-3516\" srcset=\"https:\/\/san-andres-dinicuiti.org\/wp-content\/uploads\/2025\/05\/DHL_7705-1-1024x683.jpg 1024w, https:\/\/san-andres-dinicuiti.org\/wp-content\/uploads\/2025\/05\/DHL_7705-1-300x200.jpg 300w, https:\/\/san-andres-dinicuiti.org\/wp-content\/uploads\/2025\/05\/DHL_7705-1-768x512.jpg 768w, https:\/\/san-andres-dinicuiti.org\/wp-content\/uploads\/2025\/05\/DHL_7705-1-1536x1024.jpg 1536w, https:\/\/san-andres-dinicuiti.org\/wp-content\/uploads\/2025\/05\/DHL_7705-1-2048x1365.jpg 2048w\" sizes=\"auto, (max-width: 1024px) 100vw, 1024px\" \/><\/figure>\n","protected":false},"excerpt":{"rendered":"<p>San Andr\u00e9s Dinicuiti, Oax., 26 de abril de 2025. \u2013 En el marco de la estrategia &#8220;Trabajo que Transforma tu Municipio&#8221;, el Gobernador del Estado, Ing. Salom\u00f3n Jara Cruz, en coordinaci\u00f3n con la Presidenta Municipal, C. Yessica Cruz Ortiz, y con el respaldo de la Directora General del Instituto de Planeaci\u00f3n para el Bienestar, Lic. [&hellip;]<\/p>\n","protected":false},"author":1,"featured_media":3511,"comment_status":"open","ping_status":"open","sticky":false,"template":"","format":"standard","meta":{"_gspb_post_css":"","footnotes":""},"categories":[26],"tags":[],"class_list":["post-3510","post","type-post","status-publish","format-standard","has-post-thumbnail","hentry","category-noticias"],"blocksy_meta":[],"_links":{"self":[{"href":"https:\/\/san-andres-dinicuiti.org\/hello-world\/wp-json\/wp\/v2\/posts\/3510","targetHints":{"allow":["GET"]}}],"collection":[{"href":"https:\/\/san-andres-dinicuiti.org\/hello-world\/wp-json\/wp\/v2\/posts"}],"about":[{"href":"https:\/\/san-andres-dinicuiti.org\/hello-world\/wp-json\/wp\/v2\/types\/post"}],"author":[{"embeddable":true,"href":"https:\/\/san-andres-dinicuiti.org\/hello-world\/wp-json\/wp\/v2\/users\/1"}],"replies":[{"embeddable":true,"href":"https:\/\/san-andres-dinicuiti.org\/hello-world\/wp-json\/wp\/v2\/comments?post=3510"}],"version-history":[{"count":3,"href":"https:\/\/san-andres-dinicuiti.org\/hello-world\/wp-json\/wp\/v2\/posts\/3510\/revisions"}],"predecessor-version":[{"id":3519,"href":"https:\/\/san-andres-dinicuiti.org\/hello-world\/wp-json\/wp\/v2\/posts\/3510\/revisions\/3519"}],"wp:featuredmedia":[{"embeddable":true,"href":"https:\/\/san-andres-dinicuiti.org\/hello-world\/wp-json\/wp\/v2\/media\/3511"}],"wp:attachment":[{"href":"https:\/\/san-andres-dinicuiti.org\/hello-world\/wp-json\/wp\/v2\/media?parent=3510"}],"wp:term":[{"taxonomy":"category","embeddable":true,"href":"https:\/\/san-andres-dinicuiti.org\/hello-world\/wp-json\/wp\/v2\/categories?post=3510"},{"taxonomy":"post_tag","embeddable":true,"href":"https:\/\/san-andres-dinicuiti.org\/hello-world\/wp-json\/wp\/v2\/tags?post=3510"}],"curies":[{"name":"wp","href":"https:\/\/api.w.org\/{rel}","templated":true}]}}