{"id":3521,"date":"2025-05-10T15:43:04","date_gmt":"2025-05-10T21:43:04","guid":{"rendered":"https:\/\/san-andres-dinicuiti.org\/hello-world\/?p=3521"},"modified":"2025-05-11T15:44:49","modified_gmt":"2025-05-11T21:44:49","slug":"conmemoran-el-dia-de-las-madres-en-san-andres-dinicuiti","status":"publish","type":"post","link":"https:\/\/san-andres-dinicuiti.org\/hello-world\/conmemoran-el-dia-de-las-madres-en-san-andres-dinicuiti\/","title":{"rendered":"Conmemoran el D\u00eda de las Madres en San Andr\u00e9s Dinicuiti"},"content":{"rendered":"\n<p><strong>San Andr\u00e9s Dinicuiti, Oax. \u2013 10 de mayo de 2025.<\/strong><\/p>\n\n\n\n<figure class=\"wp-block-image aligncenter size-large is-resized\"><img loading=\"lazy\" decoding=\"async\" width=\"1024\" height=\"771\" src=\"https:\/\/san-andres-dinicuiti.org\/wp-content\/uploads\/2025\/05\/IMG_20250510_145049-1024x771.jpg\" alt=\"\" class=\"wp-image-3524\" style=\"width:591px;height:auto\" srcset=\"https:\/\/san-andres-dinicuiti.org\/wp-content\/uploads\/2025\/05\/IMG_20250510_145049-1024x771.jpg 1024w, https:\/\/san-andres-dinicuiti.org\/wp-content\/uploads\/2025\/05\/IMG_20250510_145049-300x226.jpg 300w, https:\/\/san-andres-dinicuiti.org\/wp-content\/uploads\/2025\/05\/IMG_20250510_145049-768x578.jpg 768w, https:\/\/san-andres-dinicuiti.org\/wp-content\/uploads\/2025\/05\/IMG_20250510_145049-1536x1157.jpg 1536w, https:\/\/san-andres-dinicuiti.org\/wp-content\/uploads\/2025\/05\/IMG_20250510_145049-2048x1542.jpg 2048w\" sizes=\"auto, (max-width: 1024px) 100vw, 1024px\" \/><\/figure>\n\n\n\n<p><br>Con el firme compromiso de honrar a quienes son pilar fundamental en el n\u00facleo familiar y en el desarrollo de nuestra sociedad, el H. Ayuntamiento de San Andr\u00e9s Dinicuiti, en coordinaci\u00f3n con las instituciones educativas de la cabecera municipal, llev\u00f3 a cabo una emotiva celebraci\u00f3n con motivo del <strong>D\u00eda de las Madres<\/strong>.<\/p>\n\n\n\n<p>La explanada municipal fue el punto de encuentro donde, desde temprana hora, se dieron cita madres de familia para ser parte de esta conmemoraci\u00f3n. En un ambiente de alegr\u00eda, respeto y reconocimiento, las asistentes fueron recibidas con una comida organizada especialmente para ellas, como muestra de gratitud por su invaluable labor cotidiana.<\/p>\n\n\n\n<figure class=\"wp-block-image aligncenter size-large is-resized\"><img loading=\"lazy\" decoding=\"async\" width=\"1024\" height=\"771\" src=\"https:\/\/san-andres-dinicuiti.org\/wp-content\/uploads\/2025\/05\/IMG_20250510_145355-1024x771.jpg\" alt=\"\" class=\"wp-image-3526\" style=\"width:596px;height:auto\" srcset=\"https:\/\/san-andres-dinicuiti.org\/wp-content\/uploads\/2025\/05\/IMG_20250510_145355-1024x771.jpg 1024w, https:\/\/san-andres-dinicuiti.org\/wp-content\/uploads\/2025\/05\/IMG_20250510_145355-300x226.jpg 300w, https:\/\/san-andres-dinicuiti.org\/wp-content\/uploads\/2025\/05\/IMG_20250510_145355-768x578.jpg 768w, https:\/\/san-andres-dinicuiti.org\/wp-content\/uploads\/2025\/05\/IMG_20250510_145355-1536x1157.jpg 1536w, https:\/\/san-andres-dinicuiti.org\/wp-content\/uploads\/2025\/05\/IMG_20250510_145355-2048x1542.jpg 2048w\" sizes=\"auto, (max-width: 1024px) 100vw, 1024px\" \/><\/figure>\n\n\n\n<p>Durante el evento, se entregaron obsequios a todas las madres presentes, reafirmando el aprecio y admiraci\u00f3n que la administraci\u00f3n municipal tiene hacia quienes representan la fuerza, el amor y la dedicaci\u00f3n en cada hogar. Asimismo, se desarroll\u00f3 un programa social y cultural en el que participaron activamente las distintas instituciones educativas de la cabecera municipal, quienes presentaron n\u00fameros art\u00edsticos que llenaron de emoci\u00f3n y orgullo a las familias asistentes.<\/p>\n\n\n\n<figure class=\"wp-block-image aligncenter size-large is-resized\"><img loading=\"lazy\" decoding=\"async\" width=\"1024\" height=\"771\" src=\"https:\/\/san-andres-dinicuiti.org\/wp-content\/uploads\/2025\/05\/IMG_20250510_145826-1024x771.jpg\" alt=\"\" class=\"wp-image-3527\" style=\"width:609px;height:auto\" srcset=\"https:\/\/san-andres-dinicuiti.org\/wp-content\/uploads\/2025\/05\/IMG_20250510_145826-1024x771.jpg 1024w, https:\/\/san-andres-dinicuiti.org\/wp-content\/uploads\/2025\/05\/IMG_20250510_145826-300x226.jpg 300w, https:\/\/san-andres-dinicuiti.org\/wp-content\/uploads\/2025\/05\/IMG_20250510_145826-768x578.jpg 768w, https:\/\/san-andres-dinicuiti.org\/wp-content\/uploads\/2025\/05\/IMG_20250510_145826-1536x1157.jpg 1536w, https:\/\/san-andres-dinicuiti.org\/wp-content\/uploads\/2025\/05\/IMG_20250510_145826-2048x1542.jpg 2048w\" sizes=\"auto, (max-width: 1024px) 100vw, 1024px\" \/><\/figure>\n\n\n\n<p>Esta celebraci\u00f3n no solo fue un acto de reconocimiento, sino tambi\u00e9n un reflejo del compromiso del H. Ayuntamiento con el bienestar, la inclusi\u00f3n y la dignificaci\u00f3n de cada sector de la poblaci\u00f3n.<\/p>\n\n\n\n<p>El gobierno municipal, encabezado por la C. Presidenta Municipal <strong>Yessica Cruz Ortiz<\/strong>, reitera que <strong>lo m\u00e1s importante es su gente<\/strong>, y por ello trabaja cada d\u00eda por fortalecer el tejido social a trav\u00e9s de acciones que reconozcan y celebren nuestra identidad, tradiciones y valores.<\/p>\n\n\n\n<figure class=\"wp-block-image aligncenter size-large is-resized\"><img loading=\"lazy\" decoding=\"async\" width=\"1024\" height=\"771\" src=\"https:\/\/san-andres-dinicuiti.org\/wp-content\/uploads\/2025\/05\/IMG_20250510_154923-1024x771.jpg\" alt=\"\" class=\"wp-image-3528\" style=\"width:613px;height:auto\" srcset=\"https:\/\/san-andres-dinicuiti.org\/wp-content\/uploads\/2025\/05\/IMG_20250510_154923-1024x771.jpg 1024w, https:\/\/san-andres-dinicuiti.org\/wp-content\/uploads\/2025\/05\/IMG_20250510_154923-300x226.jpg 300w, https:\/\/san-andres-dinicuiti.org\/wp-content\/uploads\/2025\/05\/IMG_20250510_154923-768x578.jpg 768w, https:\/\/san-andres-dinicuiti.org\/wp-content\/uploads\/2025\/05\/IMG_20250510_154923-1536x1157.jpg 1536w, https:\/\/san-andres-dinicuiti.org\/wp-content\/uploads\/2025\/05\/IMG_20250510_154923-2048x1542.jpg 2048w\" sizes=\"auto, (max-width: 1024px) 100vw, 1024px\" \/><\/figure>\n","protected":false},"excerpt":{"rendered":"<p>San Andr\u00e9s Dinicuiti, Oax. \u2013 10 de mayo de 2025. Con el firme compromiso de honrar a quienes son pilar fundamental en el n\u00facleo familiar y en el desarrollo de nuestra sociedad, el H. Ayuntamiento de San Andr\u00e9s Dinicuiti, en coordinaci\u00f3n con las instituciones educativas de la cabecera municipal, llev\u00f3 a cabo una emotiva celebraci\u00f3n [&hellip;]<\/p>\n","protected":false},"author":1,"featured_media":3522,"comment_status":"open","ping_status":"open","sticky":false,"template":"","format":"standard","meta":{"_gspb_post_css":"","footnotes":""},"categories":[26],"tags":[],"class_list":["post-3521","post","type-post","status-publish","format-standard","has-post-thumbnail","hentry","category-noticias"],"blocksy_meta":[],"_links":{"self":[{"href":"https:\/\/san-andres-dinicuiti.org\/hello-world\/wp-json\/wp\/v2\/posts\/3521","targetHints":{"allow":["GET"]}}],"collection":[{"href":"https:\/\/san-andres-dinicuiti.org\/hello-world\/wp-json\/wp\/v2\/posts"}],"about":[{"href":"https:\/\/san-andres-dinicuiti.org\/hello-world\/wp-json\/wp\/v2\/types\/post"}],"author":[{"embeddable":true,"href":"https:\/\/san-andres-dinicuiti.org\/hello-world\/wp-json\/wp\/v2\/users\/1"}],"replies":[{"embeddable":true,"href":"https:\/\/san-andres-dinicuiti.org\/hello-world\/wp-json\/wp\/v2\/comments?post=3521"}],"version-history":[{"count":1,"href":"https:\/\/san-andres-dinicuiti.org\/hello-world\/wp-json\/wp\/v2\/posts\/3521\/revisions"}],"predecessor-version":[{"id":3530,"href":"https:\/\/san-andres-dinicuiti.org\/hello-world\/wp-json\/wp\/v2\/posts\/3521\/revisions\/3530"}],"wp:featuredmedia":[{"embeddable":true,"href":"https:\/\/san-andres-dinicuiti.org\/hello-world\/wp-json\/wp\/v2\/media\/3522"}],"wp:attachment":[{"href":"https:\/\/san-andres-dinicuiti.org\/hello-world\/wp-json\/wp\/v2\/media?parent=3521"}],"wp:term":[{"taxonomy":"category","embeddable":true,"href":"https:\/\/san-andres-dinicuiti.org\/hello-world\/wp-json\/wp\/v2\/categories?post=3521"},{"taxonomy":"post_tag","embeddable":true,"href":"https:\/\/san-andres-dinicuiti.org\/hello-world\/wp-json\/wp\/v2\/tags?post=3521"}],"curies":[{"name":"wp","href":"https:\/\/api.w.org\/{rel}","templated":true}]}}