{"id":3533,"date":"2025-05-25T20:19:26","date_gmt":"2025-05-26T02:19:26","guid":{"rendered":"https:\/\/san-andres-dinicuiti.org\/hello-world\/?p=3533"},"modified":"2025-06-02T20:20:44","modified_gmt":"2025-06-03T02:20:44","slug":"refuerzan-capacitacion-de-la-policia-municipal","status":"publish","type":"post","link":"https:\/\/san-andres-dinicuiti.org\/hello-world\/refuerzan-capacitacion-de-la-policia-municipal\/","title":{"rendered":"REFUERZAN CAPACITACI\u00d3N DE LA POLIC\u00cdA MUNICIPAL"},"content":{"rendered":"\n<p><strong>San Andr\u00e9s Dinicuiti, Oax. \u2013 mayo de 2025.<\/strong><br>Con el firme prop\u00f3sito de fortalecer las capacidades operativas de la Polic\u00eda Municipal y brindar un servicio m\u00e1s eficiente, profesional y cercano a la ciudadan\u00eda, el H. Ayuntamiento de San Andr\u00e9s Dinicuiti llev\u00f3 a cabo una <strong>jornada de capacitaci\u00f3n intensiva del 21 al 25 de mayo<\/strong>, dirigida a las y los elementos que conforman el cuerpo de seguridad local.<\/p>\n\n\n\n<figure class=\"wp-block-image aligncenter size-large is-resized\"><img loading=\"lazy\" decoding=\"async\" width=\"1024\" height=\"768\" src=\"https:\/\/san-andres-dinicuiti.org\/wp-content\/uploads\/2025\/06\/WhatsApp-Image-2025-05-23-at-9.53.07-AM-2-1024x768.jpeg\" alt=\"\" class=\"wp-image-3534\" style=\"width:483px;height:auto\" srcset=\"https:\/\/san-andres-dinicuiti.org\/wp-content\/uploads\/2025\/06\/WhatsApp-Image-2025-05-23-at-9.53.07-AM-2-1024x768.jpeg 1024w, https:\/\/san-andres-dinicuiti.org\/wp-content\/uploads\/2025\/06\/WhatsApp-Image-2025-05-23-at-9.53.07-AM-2-300x225.jpeg 300w, https:\/\/san-andres-dinicuiti.org\/wp-content\/uploads\/2025\/06\/WhatsApp-Image-2025-05-23-at-9.53.07-AM-2-768x576.jpeg 768w, https:\/\/san-andres-dinicuiti.org\/wp-content\/uploads\/2025\/06\/WhatsApp-Image-2025-05-23-at-9.53.07-AM-2-1536x1152.jpeg 1536w, https:\/\/san-andres-dinicuiti.org\/wp-content\/uploads\/2025\/06\/WhatsApp-Image-2025-05-23-at-9.53.07-AM-2.jpeg 1600w\" sizes=\"auto, (max-width: 1024px) 100vw, 1024px\" \/><\/figure>\n\n\n\n<p>Durante estos d\u00edas de formaci\u00f3n, se abordaron temas fundamentales para el correcto ejercicio de las funciones policiales, entre ellos:<\/p>\n\n\n\n<ul class=\"wp-block-list\">\n<li><strong>Procedimientos de detenci\u00f3n<\/strong> conforme a los protocolos establecidos por la ley.<\/li>\n\n\n\n<li><strong>Cierre de calles y aseguramiento de espacios<\/strong> durante investigaciones, garantizando tanto la seguridad del personal como de la poblaci\u00f3n.<\/li>\n\n\n\n<li><strong>Ejercicios f\u00edsicos especializados<\/strong>, enfocados en mejorar la condici\u00f3n y respuesta t\u00e1ctica de los elementos.<\/li>\n\n\n\n<li><strong>Capacitaci\u00f3n te\u00f3rica<\/strong>, mediante evaluaciones escritas y sesiones pr\u00e1cticas que permitieron reforzar conocimientos clave sobre derechos humanos, actuaci\u00f3n en situaciones de riesgo y coordinaci\u00f3n interinstitucional.<\/li>\n<\/ul>\n\n\n\n<figure class=\"wp-block-image aligncenter size-large is-resized\"><img loading=\"lazy\" decoding=\"async\" width=\"1024\" height=\"768\" src=\"https:\/\/san-andres-dinicuiti.org\/wp-content\/uploads\/2025\/06\/WhatsApp-Image-2025-05-23-at-9.53.08-AM-2-1024x768.jpeg\" alt=\"\" class=\"wp-image-3535\" style=\"width:485px;height:auto\" srcset=\"https:\/\/san-andres-dinicuiti.org\/wp-content\/uploads\/2025\/06\/WhatsApp-Image-2025-05-23-at-9.53.08-AM-2-1024x768.jpeg 1024w, https:\/\/san-andres-dinicuiti.org\/wp-content\/uploads\/2025\/06\/WhatsApp-Image-2025-05-23-at-9.53.08-AM-2-300x225.jpeg 300w, https:\/\/san-andres-dinicuiti.org\/wp-content\/uploads\/2025\/06\/WhatsApp-Image-2025-05-23-at-9.53.08-AM-2-768x576.jpeg 768w, https:\/\/san-andres-dinicuiti.org\/wp-content\/uploads\/2025\/06\/WhatsApp-Image-2025-05-23-at-9.53.08-AM-2-1536x1152.jpeg 1536w, https:\/\/san-andres-dinicuiti.org\/wp-content\/uploads\/2025\/06\/WhatsApp-Image-2025-05-23-at-9.53.08-AM-2.jpeg 1600w\" sizes=\"auto, (max-width: 1024px) 100vw, 1024px\" \/><\/figure>\n\n\n\n<p>Esta capacitaci\u00f3n responde al compromiso de la actual administraci\u00f3n municipal de asegurar que cada elemento cuente con las herramientas necesarias para desempe\u00f1ar su labor de manera eficaz y responsable, privilegiando siempre el bienestar y la tranquilidad de la ciudadan\u00eda.<\/p>\n\n\n\n<p>El H. Ayuntamiento reconoce el esfuerzo, dedicaci\u00f3n y profesionalismo mostrado por cada integrante de la corporaci\u00f3n durante esta jornada formativa, as\u00ed como su disposici\u00f3n para continuar prepar\u00e1ndose y ofrecer un servicio que est\u00e9 a la altura de las necesidades de nuestra comunidad.<\/p>\n\n\n\n<p>Con acciones como esta, <strong>San Andr\u00e9s Dinicuiti avanza hacia un modelo de seguridad m\u00e1s s\u00f3lido y humano<\/strong>, en el que se fortalece el v\u00ednculo de confianza entre la autoridad y la poblaci\u00f3n.<\/p>\n\n\n\n<figure class=\"wp-block-image aligncenter size-large is-resized\"><img loading=\"lazy\" decoding=\"async\" width=\"1024\" height=\"768\" src=\"https:\/\/san-andres-dinicuiti.org\/wp-content\/uploads\/2025\/06\/WhatsApp-Image-2025-05-23-at-9.53.08-AM-1024x768.jpeg\" alt=\"\" class=\"wp-image-3536\" style=\"width:482px;height:auto\" srcset=\"https:\/\/san-andres-dinicuiti.org\/wp-content\/uploads\/2025\/06\/WhatsApp-Image-2025-05-23-at-9.53.08-AM-1024x768.jpeg 1024w, https:\/\/san-andres-dinicuiti.org\/wp-content\/uploads\/2025\/06\/WhatsApp-Image-2025-05-23-at-9.53.08-AM-300x225.jpeg 300w, https:\/\/san-andres-dinicuiti.org\/wp-content\/uploads\/2025\/06\/WhatsApp-Image-2025-05-23-at-9.53.08-AM-768x576.jpeg 768w, https:\/\/san-andres-dinicuiti.org\/wp-content\/uploads\/2025\/06\/WhatsApp-Image-2025-05-23-at-9.53.08-AM-1536x1152.jpeg 1536w, https:\/\/san-andres-dinicuiti.org\/wp-content\/uploads\/2025\/06\/WhatsApp-Image-2025-05-23-at-9.53.08-AM.jpeg 1600w\" sizes=\"auto, (max-width: 1024px) 100vw, 1024px\" \/><\/figure>\n\n\n\n<p><\/p>\n","protected":false},"excerpt":{"rendered":"<p>San Andr\u00e9s Dinicuiti, Oax. \u2013 mayo de 2025.Con el firme prop\u00f3sito de fortalecer las capacidades operativas de la Polic\u00eda Municipal y brindar un servicio m\u00e1s eficiente, profesional y cercano a la ciudadan\u00eda, el H. Ayuntamiento de San Andr\u00e9s Dinicuiti llev\u00f3 a cabo una jornada de capacitaci\u00f3n intensiva del 21 al 25 de mayo, dirigida a [&hellip;]<\/p>\n","protected":false},"author":1,"featured_media":3537,"comment_status":"open","ping_status":"open","sticky":false,"template":"","format":"standard","meta":{"_gspb_post_css":"","footnotes":""},"categories":[26],"tags":[],"class_list":["post-3533","post","type-post","status-publish","format-standard","has-post-thumbnail","hentry","category-noticias"],"blocksy_meta":[],"_links":{"self":[{"href":"https:\/\/san-andres-dinicuiti.org\/hello-world\/wp-json\/wp\/v2\/posts\/3533","targetHints":{"allow":["GET"]}}],"collection":[{"href":"https:\/\/san-andres-dinicuiti.org\/hello-world\/wp-json\/wp\/v2\/posts"}],"about":[{"href":"https:\/\/san-andres-dinicuiti.org\/hello-world\/wp-json\/wp\/v2\/types\/post"}],"author":[{"embeddable":true,"href":"https:\/\/san-andres-dinicuiti.org\/hello-world\/wp-json\/wp\/v2\/users\/1"}],"replies":[{"embeddable":true,"href":"https:\/\/san-andres-dinicuiti.org\/hello-world\/wp-json\/wp\/v2\/comments?post=3533"}],"version-history":[{"count":2,"href":"https:\/\/san-andres-dinicuiti.org\/hello-world\/wp-json\/wp\/v2\/posts\/3533\/revisions"}],"predecessor-version":[{"id":3539,"href":"https:\/\/san-andres-dinicuiti.org\/hello-world\/wp-json\/wp\/v2\/posts\/3533\/revisions\/3539"}],"wp:featuredmedia":[{"embeddable":true,"href":"https:\/\/san-andres-dinicuiti.org\/hello-world\/wp-json\/wp\/v2\/media\/3537"}],"wp:attachment":[{"href":"https:\/\/san-andres-dinicuiti.org\/hello-world\/wp-json\/wp\/v2\/media?parent=3533"}],"wp:term":[{"taxonomy":"category","embeddable":true,"href":"https:\/\/san-andres-dinicuiti.org\/hello-world\/wp-json\/wp\/v2\/categories?post=3533"},{"taxonomy":"post_tag","embeddable":true,"href":"https:\/\/san-andres-dinicuiti.org\/hello-world\/wp-json\/wp\/v2\/tags?post=3533"}],"curies":[{"name":"wp","href":"https:\/\/api.w.org\/{rel}","templated":true}]}}