{"id":3554,"date":"2025-06-07T14:27:00","date_gmt":"2025-06-07T20:27:00","guid":{"rendered":"https:\/\/san-andres-dinicuiti.org\/hello-world\/?p=3554"},"modified":"2025-06-10T16:44:36","modified_gmt":"2025-06-10T22:44:36","slug":"fortalecen-seguridad-municipal-con-entrega-de-equipo-a-policias-auxiliares","status":"publish","type":"post","link":"https:\/\/san-andres-dinicuiti.org\/hello-world\/fortalecen-seguridad-municipal-con-entrega-de-equipo-a-policias-auxiliares\/","title":{"rendered":"FORTALECEN SEGURIDAD MUNICIPAL CON ENTREGA DE EQUIPO A POLIC\u00cdAS AUXILIARES"},"content":{"rendered":"\n<p>San Andr\u00e9s Dinicuiti, Oax., 7 junio de 2025.<\/p>\n\n\n\n<p>Con el compromiso firme de fortalecer la seguridad en cada rinc\u00f3n del municipio, el H. Ayuntamiento de San Andr\u00e9s Dinicuiti, administraci\u00f3n 2025\u20132027, llev\u00f3 a cabo del 1 al 7 de junio la entrega de material y equipo policial a las agencias municipales de <strong>Santa Mar\u00eda Tutla, San Antonio de Le\u00f3n, Santiago del R\u00edo y el N\u00facleo Rural Reforma<\/strong>.<\/p>\n\n\n\n<figure class=\"wp-block-image aligncenter size-large is-resized\"><img loading=\"lazy\" decoding=\"async\" width=\"1024\" height=\"770\" src=\"https:\/\/san-andres-dinicuiti.org\/wp-content\/uploads\/2025\/06\/02-1024x770.jpg\" alt=\"\" class=\"wp-image-3559\" style=\"width:599px;height:auto\" srcset=\"https:\/\/san-andres-dinicuiti.org\/wp-content\/uploads\/2025\/06\/02-1024x770.jpg 1024w, https:\/\/san-andres-dinicuiti.org\/wp-content\/uploads\/2025\/06\/02-300x226.jpg 300w, https:\/\/san-andres-dinicuiti.org\/wp-content\/uploads\/2025\/06\/02-768x578.jpg 768w, https:\/\/san-andres-dinicuiti.org\/wp-content\/uploads\/2025\/06\/02.jpg 1280w\" sizes=\"auto, (max-width: 1024px) 100vw, 1024px\" \/><\/figure>\n\n\n\n<p>La entrega incluy\u00f3:<\/p>\n\n\n\n<ul class=\"wp-block-list\">\n<li>Esposas<\/li>\n\n\n\n<li>Tonfas (toletes)<\/li>\n\n\n\n<li>L\u00e1mparas t\u00e1cticas<\/li>\n\n\n\n<li>Playeras tipo polo y cuello redondo<\/li>\n\n\n\n<li>Gorras oficiales<\/li>\n\n\n\n<li>Uniformes oficiales<\/li>\n<\/ul>\n\n\n\n<p>Esta acci\u00f3n tiene como objetivo brindar a los elementos de la polic\u00eda auxiliar mejores herramientas para el desarrollo de sus funciones, permiti\u00e9ndoles actuar de manera m\u00e1s eficiente, segura y con mayor presencia ante cualquier eventualidad o emergencia.<\/p>\n\n\n\n<figure class=\"wp-block-image aligncenter size-large is-resized\"><img loading=\"lazy\" decoding=\"async\" width=\"1024\" height=\"677\" src=\"https:\/\/san-andres-dinicuiti.org\/wp-content\/uploads\/2025\/06\/03-1024x677.jpg\" alt=\"\" class=\"wp-image-3557\" style=\"width:551px;height:auto\" srcset=\"https:\/\/san-andres-dinicuiti.org\/wp-content\/uploads\/2025\/06\/03-1024x677.jpg 1024w, https:\/\/san-andres-dinicuiti.org\/wp-content\/uploads\/2025\/06\/03-300x198.jpg 300w, https:\/\/san-andres-dinicuiti.org\/wp-content\/uploads\/2025\/06\/03-768x508.jpg 768w, https:\/\/san-andres-dinicuiti.org\/wp-content\/uploads\/2025\/06\/03.jpg 1280w\" sizes=\"auto, (max-width: 1024px) 100vw, 1024px\" \/><\/figure>\n\n\n\n<p>La administraci\u00f3n municipal reconoce que <strong>la seguridad es uno de los pilares fundamentales para el bienestar de las familias<\/strong>, por lo que seguir\u00e1 promoviendo programas de <strong>capacitaci\u00f3n, equipamiento y apoyo continuo a las autoridades auxiliares<\/strong> y cuerpos de seguridad en todo el territorio municipal.<\/p>\n\n\n\n<p>Con estas acciones, el H. Ayuntamiento reafirma su compromiso de construir un Dinicuiti m\u00e1s seguro, solidario y preparado.<\/p>\n\n\n\n<p><strong>\u00a1Porque en San Andr\u00e9s Dinicuiti, lo m\u00e1s importante es su gente!<\/strong><\/p>\n\n\n\n<figure class=\"wp-block-image aligncenter size-full is-resized\"><img loading=\"lazy\" decoding=\"async\" width=\"600\" height=\"451\" src=\"https:\/\/san-andres-dinicuiti.org\/wp-content\/uploads\/2025\/06\/01.jpg\" alt=\"\" class=\"wp-image-3560\" style=\"width:564px;height:auto\" srcset=\"https:\/\/san-andres-dinicuiti.org\/wp-content\/uploads\/2025\/06\/01.jpg 600w, https:\/\/san-andres-dinicuiti.org\/wp-content\/uploads\/2025\/06\/01-300x226.jpg 300w\" sizes=\"auto, (max-width: 600px) 100vw, 600px\" \/><\/figure>\n\n\n\n<p><\/p>\n","protected":false},"excerpt":{"rendered":"<p>San Andr\u00e9s Dinicuiti, Oax., 7 junio de 2025. Con el compromiso firme de fortalecer la seguridad en cada rinc\u00f3n del municipio, el H. Ayuntamiento de San Andr\u00e9s Dinicuiti, administraci\u00f3n 2025\u20132027, llev\u00f3 a cabo del 1 al 7 de junio la entrega de material y equipo policial a las agencias municipales de Santa Mar\u00eda Tutla, San [&hellip;]<\/p>\n","protected":false},"author":1,"featured_media":3556,"comment_status":"open","ping_status":"open","sticky":false,"template":"","format":"standard","meta":{"_gspb_post_css":"","footnotes":""},"categories":[26],"tags":[],"class_list":["post-3554","post","type-post","status-publish","format-standard","has-post-thumbnail","hentry","category-noticias"],"blocksy_meta":[],"_links":{"self":[{"href":"https:\/\/san-andres-dinicuiti.org\/hello-world\/wp-json\/wp\/v2\/posts\/3554","targetHints":{"allow":["GET"]}}],"collection":[{"href":"https:\/\/san-andres-dinicuiti.org\/hello-world\/wp-json\/wp\/v2\/posts"}],"about":[{"href":"https:\/\/san-andres-dinicuiti.org\/hello-world\/wp-json\/wp\/v2\/types\/post"}],"author":[{"embeddable":true,"href":"https:\/\/san-andres-dinicuiti.org\/hello-world\/wp-json\/wp\/v2\/users\/1"}],"replies":[{"embeddable":true,"href":"https:\/\/san-andres-dinicuiti.org\/hello-world\/wp-json\/wp\/v2\/comments?post=3554"}],"version-history":[{"count":4,"href":"https:\/\/san-andres-dinicuiti.org\/hello-world\/wp-json\/wp\/v2\/posts\/3554\/revisions"}],"predecessor-version":[{"id":3563,"href":"https:\/\/san-andres-dinicuiti.org\/hello-world\/wp-json\/wp\/v2\/posts\/3554\/revisions\/3563"}],"wp:featuredmedia":[{"embeddable":true,"href":"https:\/\/san-andres-dinicuiti.org\/hello-world\/wp-json\/wp\/v2\/media\/3556"}],"wp:attachment":[{"href":"https:\/\/san-andres-dinicuiti.org\/hello-world\/wp-json\/wp\/v2\/media?parent=3554"}],"wp:term":[{"taxonomy":"category","embeddable":true,"href":"https:\/\/san-andres-dinicuiti.org\/hello-world\/wp-json\/wp\/v2\/categories?post=3554"},{"taxonomy":"post_tag","embeddable":true,"href":"https:\/\/san-andres-dinicuiti.org\/hello-world\/wp-json\/wp\/v2\/tags?post=3554"}],"curies":[{"name":"wp","href":"https:\/\/api.w.org\/{rel}","templated":true}]}}