{"id":3565,"date":"2025-06-08T16:43:36","date_gmt":"2025-06-08T22:43:36","guid":{"rendered":"https:\/\/san-andres-dinicuiti.org\/hello-world\/?p=3565"},"modified":"2025-06-10T16:44:06","modified_gmt":"2025-06-10T22:44:06","slug":"refuerzan-colindancias-con-municipios-vecinos-a-traves-del-cierre-de-la-manga","status":"publish","type":"post","link":"https:\/\/san-andres-dinicuiti.org\/hello-world\/refuerzan-colindancias-con-municipios-vecinos-a-traves-del-cierre-de-la-manga\/","title":{"rendered":"REFUERZAN COLINDANCIAS CON MUNICIPIOS VECINOS A TRAV\u00c9S DEL \u201cCIERRE DE LA MANGA\u201d"},"content":{"rendered":"\n<p><strong>San Andr\u00e9s Dinicuiti, Oax. \u2014 Domingo 8 de junio de 2025.<\/strong><\/p>\n\n\n\n<p>El <strong>H. Ayuntamiento de San Andr\u00e9s Dinicuiti<\/strong>, en coordinaci\u00f3n con campesinos y criadores locales, llev\u00f3 a cabo con \u00e9xito el <strong>Cierre de la Manga<\/strong>, una actividad enfocada en brindar mantenimiento al cerco que delimita las colindancias territoriales con los municipios y agencias vecinas.<\/p>\n\n\n\n<p>Durante la jornada participaron <strong>54 ciudadanos<\/strong>, entre campesinos y criadores, quienes trabajaron de manera colaborativa para asegurar que esta infraestructura se mantenga en \u00f3ptimas condiciones. El cerco no solo representa un l\u00edmite territorial, sino tambi\u00e9n un recurso de organizaci\u00f3n comunitaria, protecci\u00f3n de los espacios agr\u00edcolas y prevenci\u00f3n de conflictos por l\u00edmites.<\/p>\n\n\n\n<p>Estas labores fortalecen el tejido social y el orden territorial, pilares fundamentales para la seguridad, la producci\u00f3n agropecuaria y la buena convivencia entre comunidades.<\/p>\n\n\n\n<p>La administraci\u00f3n municipal 2025\u20132027, presidida por el <strong>H. Ayuntamiento<\/strong>, reconoce y agradece el compromiso y la participaci\u00f3n activa de los habitantes. Asimismo, reitera su compromiso con <strong>la conservaci\u00f3n del territorio comunal, la promoci\u00f3n del trabajo organizado y la defensa de nuestros recursos naturales<\/strong>.<\/p>\n\n\n\n<p><strong>\u00a1Porque lo m\u00e1s importante es nuestra gente y el cuidado de lo que nos une como comunidad!<\/strong><\/p>\n\n\n\n<figure class=\"wp-block-image aligncenter size-large is-resized\"><img loading=\"lazy\" decoding=\"async\" width=\"1024\" height=\"769\" src=\"https:\/\/san-andres-dinicuiti.org\/wp-content\/uploads\/2025\/06\/mantenimiento-de-la-manga-1024x769.png\" alt=\"\" class=\"wp-image-3566\" style=\"width:654px;height:auto\" srcset=\"https:\/\/san-andres-dinicuiti.org\/wp-content\/uploads\/2025\/06\/mantenimiento-de-la-manga-1024x769.png 1024w, https:\/\/san-andres-dinicuiti.org\/wp-content\/uploads\/2025\/06\/mantenimiento-de-la-manga-300x225.png 300w, https:\/\/san-andres-dinicuiti.org\/wp-content\/uploads\/2025\/06\/mantenimiento-de-la-manga-768x577.png 768w, https:\/\/san-andres-dinicuiti.org\/wp-content\/uploads\/2025\/06\/mantenimiento-de-la-manga.png 1156w\" sizes=\"auto, (max-width: 1024px) 100vw, 1024px\" \/><\/figure>\n","protected":false},"excerpt":{"rendered":"<p>San Andr\u00e9s Dinicuiti, Oax. \u2014 Domingo 8 de junio de 2025. El H. Ayuntamiento de San Andr\u00e9s Dinicuiti, en coordinaci\u00f3n con campesinos y criadores locales, llev\u00f3 a cabo con \u00e9xito el Cierre de la Manga, una actividad enfocada en brindar mantenimiento al cerco que delimita las colindancias territoriales con los municipios y agencias vecinas. Durante [&hellip;]<\/p>\n","protected":false},"author":1,"featured_media":3566,"comment_status":"open","ping_status":"open","sticky":false,"template":"","format":"standard","meta":{"_gspb_post_css":"","footnotes":""},"categories":[26],"tags":[],"class_list":["post-3565","post","type-post","status-publish","format-standard","has-post-thumbnail","hentry","category-noticias"],"blocksy_meta":[],"_links":{"self":[{"href":"https:\/\/san-andres-dinicuiti.org\/hello-world\/wp-json\/wp\/v2\/posts\/3565","targetHints":{"allow":["GET"]}}],"collection":[{"href":"https:\/\/san-andres-dinicuiti.org\/hello-world\/wp-json\/wp\/v2\/posts"}],"about":[{"href":"https:\/\/san-andres-dinicuiti.org\/hello-world\/wp-json\/wp\/v2\/types\/post"}],"author":[{"embeddable":true,"href":"https:\/\/san-andres-dinicuiti.org\/hello-world\/wp-json\/wp\/v2\/users\/1"}],"replies":[{"embeddable":true,"href":"https:\/\/san-andres-dinicuiti.org\/hello-world\/wp-json\/wp\/v2\/comments?post=3565"}],"version-history":[{"count":1,"href":"https:\/\/san-andres-dinicuiti.org\/hello-world\/wp-json\/wp\/v2\/posts\/3565\/revisions"}],"predecessor-version":[{"id":3567,"href":"https:\/\/san-andres-dinicuiti.org\/hello-world\/wp-json\/wp\/v2\/posts\/3565\/revisions\/3567"}],"wp:featuredmedia":[{"embeddable":true,"href":"https:\/\/san-andres-dinicuiti.org\/hello-world\/wp-json\/wp\/v2\/media\/3566"}],"wp:attachment":[{"href":"https:\/\/san-andres-dinicuiti.org\/hello-world\/wp-json\/wp\/v2\/media?parent=3565"}],"wp:term":[{"taxonomy":"category","embeddable":true,"href":"https:\/\/san-andres-dinicuiti.org\/hello-world\/wp-json\/wp\/v2\/categories?post=3565"},{"taxonomy":"post_tag","embeddable":true,"href":"https:\/\/san-andres-dinicuiti.org\/hello-world\/wp-json\/wp\/v2\/tags?post=3565"}],"curies":[{"name":"wp","href":"https:\/\/api.w.org\/{rel}","templated":true}]}}