{"id":3570,"date":"2025-06-10T21:03:40","date_gmt":"2025-06-11T03:03:40","guid":{"rendered":"https:\/\/san-andres-dinicuiti.org\/hello-world\/?p=3570"},"modified":"2025-06-10T21:03:40","modified_gmt":"2025-06-11T03:03:40","slug":"concesion-de-constancias-de-comunidad-indigena-otorga-autonomia-y-recursos-a-agencias-locales","status":"publish","type":"post","link":"https:\/\/san-andres-dinicuiti.org\/hello-world\/concesion-de-constancias-de-comunidad-indigena-otorga-autonomia-y-recursos-a-agencias-locales\/","title":{"rendered":"CONCESI\u00d3N DE CONSTANCIAS DE COMUNIDAD IND\u00cdGENA OTORGA AUTONOM\u00cdA Y RECURSOS A AGENCIAS LOCALES"},"content":{"rendered":"\n<p><strong>San Andr\u00e9s Dinicuiti, Oax. \u2013 10 de junio de 2025<\/strong><\/p>\n\n\n\n<figure class=\"wp-block-image aligncenter size-large is-resized\"><img loading=\"lazy\" decoding=\"async\" width=\"809\" height=\"1024\" src=\"https:\/\/san-andres-dinicuiti.org\/wp-content\/uploads\/2025\/06\/WhatsApp-Image-2025-06-10-at-8.13.25-PM-809x1024.jpeg\" alt=\"\" class=\"wp-image-3581\" style=\"width:384px;height:auto\" srcset=\"https:\/\/san-andres-dinicuiti.org\/wp-content\/uploads\/2025\/06\/WhatsApp-Image-2025-06-10-at-8.13.25-PM-809x1024.jpeg 809w, https:\/\/san-andres-dinicuiti.org\/wp-content\/uploads\/2025\/06\/WhatsApp-Image-2025-06-10-at-8.13.25-PM-237x300.jpeg 237w, https:\/\/san-andres-dinicuiti.org\/wp-content\/uploads\/2025\/06\/WhatsApp-Image-2025-06-10-at-8.13.25-PM-768x972.jpeg 768w, https:\/\/san-andres-dinicuiti.org\/wp-content\/uploads\/2025\/06\/WhatsApp-Image-2025-06-10-at-8.13.25-PM.jpeg 960w\" sizes=\"auto, (max-width: 809px) 100vw, 809px\" \/><\/figure>\n\n\n\n<p>Hoy al mediod\u00eda, en un acto lleno de significado para nuestras comunidades, la Lic. <strong>Lourdes Guti\u00e9rrez Coronado<\/strong>, Promotora de Cultura del CCPI\u2011Silacayopan en representaci\u00f3n del Instituto Nacional de los Pueblos Ind\u00edgenas (INPI), entreg\u00f3 las <strong>Constancias Originales de Comunidad Ind\u00edgena<\/strong> a las agencias municipales de<strong> Santiago del R\u00edo y San Antonio de Le\u00f3n<\/strong> y el <strong>N\u00facleo Rural Reforma<\/strong>, en el marco de la Asamblea del <strong>FAISPIAM<\/strong> (Fondo de Aportaciones para la Infraestructura Social para Pueblos Ind\u00edgenas y Afromexicanos).<\/p>\n\n\n\n<figure class=\"wp-block-image aligncenter size-large is-resized\"><img loading=\"lazy\" decoding=\"async\" width=\"1024\" height=\"770\" src=\"https:\/\/san-andres-dinicuiti.org\/wp-content\/uploads\/2025\/06\/WhatsApp-Image-2025-06-10-at-8.13.26-PM-3-1024x770.jpeg\" alt=\"\" class=\"wp-image-3580\" style=\"width:439px;height:auto\" srcset=\"https:\/\/san-andres-dinicuiti.org\/wp-content\/uploads\/2025\/06\/WhatsApp-Image-2025-06-10-at-8.13.26-PM-3-1024x770.jpeg 1024w, https:\/\/san-andres-dinicuiti.org\/wp-content\/uploads\/2025\/06\/WhatsApp-Image-2025-06-10-at-8.13.26-PM-3-300x226.jpeg 300w, https:\/\/san-andres-dinicuiti.org\/wp-content\/uploads\/2025\/06\/WhatsApp-Image-2025-06-10-at-8.13.26-PM-3-768x578.jpeg 768w, https:\/\/san-andres-dinicuiti.org\/wp-content\/uploads\/2025\/06\/WhatsApp-Image-2025-06-10-at-8.13.26-PM-3.jpeg 1280w\" sizes=\"auto, (max-width: 1024px) 100vw, 1024px\" \/><\/figure>\n\n\n\n<p>El <strong>FAISPIAM<\/strong> es un componente recientemente establecido del Fondo de Aportaciones para la Infraestructura Social, que garantiza que <strong>al menos el 10\u202f% de dichos recursos se destinen directamente a comunidades ind\u00edgenas y afroamericanas<\/strong>, quienes tienen ahora la capacidad de decidir, mediante asambleas como la de hoy, los proyectos que satisfagan sus necesidades espec\u00edficas: agua potable, drenaje, electrificaci\u00f3n, infraestructura educativa y de salud, mejoras en vivienda, caminos, entre otros. <a href=\"https:\/\/www.facebook.com\/XEGLOlavozdelasierra\/posts\/este-lunes-21-de-abril-de-2025-se-di%C3%B3-inicio-con-las-asambleas-comunitarias-para\/1084858323668329\/?utm_source=chatgpt.com\" target=\"_blank\" rel=\"noreferrer noopener\">facebook.com<\/a><a href=\"https:\/\/www.gob.mx\/cms\/uploads\/attachment\/file\/984032\/2025_03_13_Lineamientos_componente_ind_gena.pdf?utm_source=chatgpt.com\" target=\"_blank\" rel=\"noreferrer noopener\">inpi.gob.mx+15gob.mx+15naupan.gob.mx+15<\/a>.<\/p>\n\n\n\n<figure class=\"wp-block-image aligncenter size-large is-resized\"><img loading=\"lazy\" decoding=\"async\" width=\"1024\" height=\"720\" src=\"https:\/\/san-andres-dinicuiti.org\/wp-content\/uploads\/2025\/06\/WhatsApp-Image-2025-06-10-at-8.13.26-PM-1-1024x720.jpeg\" alt=\"\" class=\"wp-image-3572\" style=\"width:533px;height:auto\" srcset=\"https:\/\/san-andres-dinicuiti.org\/wp-content\/uploads\/2025\/06\/WhatsApp-Image-2025-06-10-at-8.13.26-PM-1-1024x720.jpeg 1024w, https:\/\/san-andres-dinicuiti.org\/wp-content\/uploads\/2025\/06\/WhatsApp-Image-2025-06-10-at-8.13.26-PM-1-300x211.jpeg 300w, https:\/\/san-andres-dinicuiti.org\/wp-content\/uploads\/2025\/06\/WhatsApp-Image-2025-06-10-at-8.13.26-PM-1-768x540.jpeg 768w, https:\/\/san-andres-dinicuiti.org\/wp-content\/uploads\/2025\/06\/WhatsApp-Image-2025-06-10-at-8.13.26-PM-1.jpeg 1275w\" sizes=\"auto, (max-width: 1024px) 100vw, 1024px\" \/><\/figure>\n\n\n\n<p>Este acto simb\u00f3lico fortalece la <strong>autonom\u00eda comunitaria<\/strong>, al reconocer formalmente a estas agencias como sujetos de elecci\u00f3n directa en la planeaci\u00f3n y ejecuci\u00f3n de obras. En presencia del H. Ayuntamiento, este acto representa un paso firme hacia la justicia social y el desarrollo territorial.<\/p>\n\n\n\n<p>Este a\u00f1o, el FAISPIAM realiza <strong>ministraciones trimestrales en abril, julio y octubre<\/strong>, bajo criterios de equidad, transparencia y operaci\u00f3n comunitaria <a href=\"https:\/\/www.indetec.gob.mx\/delivery?ext=.pdf&amp;route=%2Fnoticias_interes%2FFAISPIAM-19-03-2025&amp;sl=2&amp;srv=0&amp;utm_source=chatgpt.com\" target=\"_blank\" rel=\"noreferrer noopener\">gob.mx+2indetec.gob.mx+2sidof.segob.gob.mx+2<\/a>. Las constancias entregadas habilitan a las comunidades ahora reconocidas para gestionar sus recursos locales, conforme a diagn\u00f3sticos y planes de obra formulados en sus asambleas.<\/p>\n\n\n\n<p>Con este logro, el <strong>Gobierno municipal 2025\u20112027<\/strong> reafirma su compromiso con:<\/p>\n\n\n\n<ul class=\"wp-block-list\">\n<li><strong>Promover la participaci\u00f3n activa<\/strong> de la comunidad en la toma de decisiones.<\/li>\n\n\n\n<li><strong>Salda una deuda hist\u00f3rica<\/strong>, al devolver el poder comunitario sobre sus proyectos esenciales.<\/li>\n\n\n\n<li><strong>Potenciar iniciativas con identidad cultural y enfoque territorial<\/strong>.<\/li>\n<\/ul>\n\n\n\n<figure class=\"wp-block-gallery has-nested-images columns-default is-cropped wp-block-gallery-1 is-layout-flex wp-block-gallery-is-layout-flex\">\n<figure class=\"wp-block-image size-large is-resized\"><img loading=\"lazy\" decoding=\"async\" width=\"803\" height=\"1024\" data-id=\"3576\" src=\"https:\/\/san-andres-dinicuiti.org\/wp-content\/uploads\/2025\/06\/WhatsApp-Image-2025-06-10-at-8.14.01-PM-1-803x1024.jpeg\" alt=\"\" class=\"wp-image-3576\" style=\"width:322px;height:auto\" srcset=\"https:\/\/san-andres-dinicuiti.org\/wp-content\/uploads\/2025\/06\/WhatsApp-Image-2025-06-10-at-8.14.01-PM-1-803x1024.jpeg 803w, https:\/\/san-andres-dinicuiti.org\/wp-content\/uploads\/2025\/06\/WhatsApp-Image-2025-06-10-at-8.14.01-PM-1-235x300.jpeg 235w, https:\/\/san-andres-dinicuiti.org\/wp-content\/uploads\/2025\/06\/WhatsApp-Image-2025-06-10-at-8.14.01-PM-1-768x979.jpeg 768w, https:\/\/san-andres-dinicuiti.org\/wp-content\/uploads\/2025\/06\/WhatsApp-Image-2025-06-10-at-8.14.01-PM-1.jpeg 960w\" sizes=\"auto, (max-width: 803px) 100vw, 803px\" \/><\/figure>\n\n\n\n<figure class=\"wp-block-image size-large is-resized\"><img loading=\"lazy\" decoding=\"async\" width=\"808\" height=\"1024\" data-id=\"3577\" src=\"https:\/\/san-andres-dinicuiti.org\/wp-content\/uploads\/2025\/06\/WhatsApp-Image-2025-06-10-at-8.14.01-PM-808x1024.jpeg\" alt=\"\" class=\"wp-image-3577\" style=\"width:375px;height:auto\" srcset=\"https:\/\/san-andres-dinicuiti.org\/wp-content\/uploads\/2025\/06\/WhatsApp-Image-2025-06-10-at-8.14.01-PM-808x1024.jpeg 808w, https:\/\/san-andres-dinicuiti.org\/wp-content\/uploads\/2025\/06\/WhatsApp-Image-2025-06-10-at-8.14.01-PM-237x300.jpeg 237w, https:\/\/san-andres-dinicuiti.org\/wp-content\/uploads\/2025\/06\/WhatsApp-Image-2025-06-10-at-8.14.01-PM-768x974.jpeg 768w, https:\/\/san-andres-dinicuiti.org\/wp-content\/uploads\/2025\/06\/WhatsApp-Image-2025-06-10-at-8.14.01-PM.jpeg 960w\" sizes=\"auto, (max-width: 808px) 100vw, 808px\" \/><\/figure>\n<\/figure>\n\n\n\n<p>Este es un momento significativo para nuestra historia como municipio. Con dignidad, autonom\u00eda y unidad, avanzamos hacia un futuro en el que <strong>la voz de cada comunidad es escuchada y valorada<\/strong>.<\/p>\n\n\n\n<figure class=\"wp-block-image aligncenter size-full is-resized\"><img loading=\"lazy\" decoding=\"async\" width=\"948\" height=\"807\" src=\"https:\/\/san-andres-dinicuiti.org\/wp-content\/uploads\/2025\/06\/WhatsApp-Image-2025-06-10-at-8.14.30-PM-1-1.jpeg\" alt=\"\" class=\"wp-image-3579\" style=\"width:564px;height:auto\" srcset=\"https:\/\/san-andres-dinicuiti.org\/wp-content\/uploads\/2025\/06\/WhatsApp-Image-2025-06-10-at-8.14.30-PM-1-1.jpeg 948w, https:\/\/san-andres-dinicuiti.org\/wp-content\/uploads\/2025\/06\/WhatsApp-Image-2025-06-10-at-8.14.30-PM-1-1-300x255.jpeg 300w, https:\/\/san-andres-dinicuiti.org\/wp-content\/uploads\/2025\/06\/WhatsApp-Image-2025-06-10-at-8.14.30-PM-1-1-768x654.jpeg 768w\" sizes=\"auto, (max-width: 948px) 100vw, 948px\" \/><\/figure>\n","protected":false},"excerpt":{"rendered":"<p>San Andr\u00e9s Dinicuiti, Oax. \u2013 10 de junio de 2025 Hoy al mediod\u00eda, en un acto lleno de significado para nuestras comunidades, la Lic. Lourdes Guti\u00e9rrez Coronado, Promotora de Cultura del CCPI\u2011Silacayopan en representaci\u00f3n del Instituto Nacional de los Pueblos Ind\u00edgenas (INPI), entreg\u00f3 las Constancias Originales de Comunidad Ind\u00edgena a las agencias municipales de Santiago [&hellip;]<\/p>\n","protected":false},"author":1,"featured_media":3575,"comment_status":"open","ping_status":"open","sticky":false,"template":"","format":"standard","meta":{"_gspb_post_css":"","footnotes":""},"categories":[26],"tags":[],"class_list":["post-3570","post","type-post","status-publish","format-standard","has-post-thumbnail","hentry","category-noticias"],"blocksy_meta":[],"_links":{"self":[{"href":"https:\/\/san-andres-dinicuiti.org\/hello-world\/wp-json\/wp\/v2\/posts\/3570","targetHints":{"allow":["GET"]}}],"collection":[{"href":"https:\/\/san-andres-dinicuiti.org\/hello-world\/wp-json\/wp\/v2\/posts"}],"about":[{"href":"https:\/\/san-andres-dinicuiti.org\/hello-world\/wp-json\/wp\/v2\/types\/post"}],"author":[{"embeddable":true,"href":"https:\/\/san-andres-dinicuiti.org\/hello-world\/wp-json\/wp\/v2\/users\/1"}],"replies":[{"embeddable":true,"href":"https:\/\/san-andres-dinicuiti.org\/hello-world\/wp-json\/wp\/v2\/comments?post=3570"}],"version-history":[{"count":2,"href":"https:\/\/san-andres-dinicuiti.org\/hello-world\/wp-json\/wp\/v2\/posts\/3570\/revisions"}],"predecessor-version":[{"id":3582,"href":"https:\/\/san-andres-dinicuiti.org\/hello-world\/wp-json\/wp\/v2\/posts\/3570\/revisions\/3582"}],"wp:featuredmedia":[{"embeddable":true,"href":"https:\/\/san-andres-dinicuiti.org\/hello-world\/wp-json\/wp\/v2\/media\/3575"}],"wp:attachment":[{"href":"https:\/\/san-andres-dinicuiti.org\/hello-world\/wp-json\/wp\/v2\/media?parent=3570"}],"wp:term":[{"taxonomy":"category","embeddable":true,"href":"https:\/\/san-andres-dinicuiti.org\/hello-world\/wp-json\/wp\/v2\/categories?post=3570"},{"taxonomy":"post_tag","embeddable":true,"href":"https:\/\/san-andres-dinicuiti.org\/hello-world\/wp-json\/wp\/v2\/tags?post=3570"}],"curies":[{"name":"wp","href":"https:\/\/api.w.org\/{rel}","templated":true}]}}