{"id":3584,"date":"2025-06-11T15:44:38","date_gmt":"2025-06-11T21:44:38","guid":{"rendered":"https:\/\/san-andres-dinicuiti.org\/hello-world\/?p=3584"},"modified":"2025-06-11T15:44:38","modified_gmt":"2025-06-11T21:44:38","slug":"alianza-ppd%e2%80%91fmam-y-mudem-impulsa-proyecto-oasis-mixtecos-en-san-andres-dinicuiti","status":"publish","type":"post","link":"https:\/\/san-andres-dinicuiti.org\/hello-world\/alianza-ppd%e2%80%91fmam-y-mudem-impulsa-proyecto-oasis-mixtecos-en-san-andres-dinicuiti\/","title":{"rendered":"ALIANZA PPD\u2011FMAM Y MUDEM IMPULSA PROYECTO \u201cOASIS MIXTECOS\u201d EN SAN ANDR\u00c9S DINICUITI"},"content":{"rendered":"\n<figure class=\"wp-block-image aligncenter size-large is-resized\"><img loading=\"lazy\" decoding=\"async\" width=\"1024\" height=\"769\" src=\"https:\/\/san-andres-dinicuiti.org\/wp-content\/uploads\/2025\/06\/WhatsApp-Image-2025-06-11-at-12.25.56-PM-1024x769.jpeg\" alt=\"\" class=\"wp-image-3585\" style=\"width:673px;height:auto\" srcset=\"https:\/\/san-andres-dinicuiti.org\/wp-content\/uploads\/2025\/06\/WhatsApp-Image-2025-06-11-at-12.25.56-PM-1024x769.jpeg 1024w, https:\/\/san-andres-dinicuiti.org\/wp-content\/uploads\/2025\/06\/WhatsApp-Image-2025-06-11-at-12.25.56-PM-300x225.jpeg 300w, https:\/\/san-andres-dinicuiti.org\/wp-content\/uploads\/2025\/06\/WhatsApp-Image-2025-06-11-at-12.25.56-PM-768x577.jpeg 768w, https:\/\/san-andres-dinicuiti.org\/wp-content\/uploads\/2025\/06\/WhatsApp-Image-2025-06-11-at-12.25.56-PM.jpeg 1156w\" sizes=\"auto, (max-width: 1024px) 100vw, 1024px\" \/><\/figure>\n\n\n\n<p><strong>San Andr\u00e9s Dinicuiti, Oax. \u2013 Mi\u00e9rcoles 11 de junio de 2025.<\/strong><\/p>\n\n\n\n<p>Con la presencia del H. Ayuntamiento, el d\u00eda de hoy se formaliz\u00f3 la firma del convenio de colaboraci\u00f3n entre el <strong>Programa de Peque\u00f1as Donaciones (PPD)<\/strong> del Fondo para el Medio Ambiente Mundial (FMAM) y la asociaci\u00f3n civil <strong>Mujeres en Desarrollo (MUDEM)<\/strong>, en la parcela \u201cLa Pi\u00f1a\u201d, parte del sistema de riego del proyecto <strong>\u201cOasis Mixtecos, Aprovechamiento de la subcuenca en San Andr\u00e9s Dinicuiti\u201d<\/strong>.<\/p>\n\n\n\n<p>El <strong>PPD\u2011FMAM<\/strong> es un mecanismo del PNUD\/UNOPS que financia proyectos comunitarios de peque\u00f1a escala orientados a la conservaci\u00f3n ambiental y el fortalecimiento socioecol\u00f3gico, con la consigna de <strong>\u201cpensar globalmente y actuar localmente\u201d<\/strong>, privilegiando la participaci\u00f3n de organizaciones comunitarias en la gesti\u00f3n de los recursos (<a href=\"https:\/\/www.pequenasdonacionescr.org\/sobre-el-ppd\/?utm_source=chatgpt.com\" target=\"_blank\" rel=\"noreferrer noopener\">pequenasdonacionescr.org+1fao.org+1<\/a>.)<\/p>\n\n\n\n<figure class=\"wp-block-image aligncenter size-large is-resized\"><img loading=\"lazy\" decoding=\"async\" width=\"1024\" height=\"769\" src=\"https:\/\/san-andres-dinicuiti.org\/wp-content\/uploads\/2025\/06\/WhatsApp-Image-2025-06-11-at-2.47.19-PM-1-1024x769.jpeg\" alt=\"\" class=\"wp-image-3586\" style=\"width:699px;height:auto\" srcset=\"https:\/\/san-andres-dinicuiti.org\/wp-content\/uploads\/2025\/06\/WhatsApp-Image-2025-06-11-at-2.47.19-PM-1-1024x769.jpeg 1024w, https:\/\/san-andres-dinicuiti.org\/wp-content\/uploads\/2025\/06\/WhatsApp-Image-2025-06-11-at-2.47.19-PM-1-300x225.jpeg 300w, https:\/\/san-andres-dinicuiti.org\/wp-content\/uploads\/2025\/06\/WhatsApp-Image-2025-06-11-at-2.47.19-PM-1-768x576.jpeg 768w, https:\/\/san-andres-dinicuiti.org\/wp-content\/uploads\/2025\/06\/WhatsApp-Image-2025-06-11-at-2.47.19-PM-1-1536x1153.jpeg 1536w, https:\/\/san-andres-dinicuiti.org\/wp-content\/uploads\/2025\/06\/WhatsApp-Image-2025-06-11-at-2.47.19-PM-1.jpeg 1600w\" sizes=\"auto, (max-width: 1024px) 100vw, 1024px\" \/><\/figure>\n\n\n\n<p><strong>MUDEM<\/strong> es una organizaci\u00f3n oaxaque\u00f1a con trayectoria dedicada a la <strong>capacitaci\u00f3n y acompa\u00f1amiento de mujeres ind\u00edgenas mixtecas<\/strong>, especialmente en proyectos de agua, agroecolog\u00eda y soberan\u00eda alimentaria .<\/p>\n\n\n\n<p>El proyecto <strong>\u201cOasis Mixtecos aprovechamiento de las subcuencas en San Andres Dinicuiti\u201d<\/strong> busca aprovechar eficientemente la subcuenca de la parcela \u201cLa Pi\u00f1a\u201d, vinculando la seguridad h\u00eddrica, conservaci\u00f3n de la biodiversidad y el fortalecimiento de pr\u00e1cticas productivas, con especial enfoque en la inclusi\u00f3n de las mujeres como protagonistas de esta transformaci\u00f3n territorial.<\/p>\n\n\n\n<figure class=\"wp-block-image aligncenter size-large\"><img loading=\"lazy\" decoding=\"async\" width=\"1024\" height=\"769\" src=\"https:\/\/san-andres-dinicuiti.org\/wp-content\/uploads\/2025\/06\/WhatsApp-Image-2025-06-11-at-12.25.54-PM-1-1024x769.jpeg\" alt=\"\" class=\"wp-image-3587\" srcset=\"https:\/\/san-andres-dinicuiti.org\/wp-content\/uploads\/2025\/06\/WhatsApp-Image-2025-06-11-at-12.25.54-PM-1-1024x769.jpeg 1024w, https:\/\/san-andres-dinicuiti.org\/wp-content\/uploads\/2025\/06\/WhatsApp-Image-2025-06-11-at-12.25.54-PM-1-300x225.jpeg 300w, https:\/\/san-andres-dinicuiti.org\/wp-content\/uploads\/2025\/06\/WhatsApp-Image-2025-06-11-at-12.25.54-PM-1-768x577.jpeg 768w, https:\/\/san-andres-dinicuiti.org\/wp-content\/uploads\/2025\/06\/WhatsApp-Image-2025-06-11-at-12.25.54-PM-1.jpeg 1156w\" sizes=\"auto, (max-width: 1024px) 100vw, 1024px\" \/><\/figure>\n\n\n\n<p>Con este convenio se definen actividades como:<\/p>\n\n\n\n<ul class=\"wp-block-list\">\n<li>Construcci\u00f3n y mejora de sistemas de riego comunitarios.<\/li>\n\n\n\n<li>Capacitaci\u00f3n t\u00e9cnica para mujeres y j\u00f3venes en gesti\u00f3n del agua y pr\u00e1cticas agroecol\u00f3gicas.<\/li>\n\n\n\n<li>Monitoreo participativo de recursos naturales.<\/li>\n\n\n\n<li>Fortalecimiento institucional de comit\u00e9s locales relacionados con agua y medio ambiente.<\/li>\n<\/ul>\n\n\n\n<p>El convenio firmado implica una hoja de ruta conjunta entre <strong>comunidad, academia y gobierno<\/strong>, en la que la administraci\u00f3n 2025\u20132027 reafirma su apuesta por la <strong>sustentabilidad, la igualdad de g\u00e9nero y el desarrollo rural integral<\/strong>.<\/p>\n\n\n\n<p>Con el impulso del PPD\u2011FMAM y MUDEM, San Andr\u00e9s Dinicuiti avanza en la construcci\u00f3n de un territorio resiliente, justo e inclusivo, donde los ecosistemas y las personas se fortalecen mutuamente.<\/p>\n\n\n\n<div class=\"wp-block-columns is-layout-flex wp-container-core-columns-is-layout-28f84493 wp-block-columns-is-layout-flex\">\n<div class=\"wp-block-column is-layout-flow wp-block-column-is-layout-flow\">\n<figure class=\"wp-block-image aligncenter size-large\"><img loading=\"lazy\" decoding=\"async\" width=\"1024\" height=\"1007\" src=\"https:\/\/san-andres-dinicuiti.org\/wp-content\/uploads\/2025\/06\/WhatsApp-Image-2025-06-11-at-2.47.19-PM-2-1024x1007.jpeg\" alt=\"\" class=\"wp-image-3588\" srcset=\"https:\/\/san-andres-dinicuiti.org\/wp-content\/uploads\/2025\/06\/WhatsApp-Image-2025-06-11-at-2.47.19-PM-2-1024x1007.jpeg 1024w, https:\/\/san-andres-dinicuiti.org\/wp-content\/uploads\/2025\/06\/WhatsApp-Image-2025-06-11-at-2.47.19-PM-2-300x295.jpeg 300w, https:\/\/san-andres-dinicuiti.org\/wp-content\/uploads\/2025\/06\/WhatsApp-Image-2025-06-11-at-2.47.19-PM-2-768x755.jpeg 768w, https:\/\/san-andres-dinicuiti.org\/wp-content\/uploads\/2025\/06\/WhatsApp-Image-2025-06-11-at-2.47.19-PM-2.jpeg 1182w\" sizes=\"auto, (max-width: 1024px) 100vw, 1024px\" \/><\/figure>\n<\/div>\n\n\n\n<div class=\"wp-block-column is-layout-flow wp-block-column-is-layout-flow\">\n<figure class=\"wp-block-image aligncenter size-large is-resized is-style-rounded\"><img loading=\"lazy\" decoding=\"async\" width=\"769\" height=\"1024\" src=\"https:\/\/san-andres-dinicuiti.org\/wp-content\/uploads\/2025\/06\/WhatsApp-Image-2025-06-11-at-2.47.19-PM-769x1024.jpeg\" alt=\"\" class=\"wp-image-3589\" style=\"width:265px;height:auto\" srcset=\"https:\/\/san-andres-dinicuiti.org\/wp-content\/uploads\/2025\/06\/WhatsApp-Image-2025-06-11-at-2.47.19-PM-769x1024.jpeg 769w, https:\/\/san-andres-dinicuiti.org\/wp-content\/uploads\/2025\/06\/WhatsApp-Image-2025-06-11-at-2.47.19-PM-225x300.jpeg 225w, https:\/\/san-andres-dinicuiti.org\/wp-content\/uploads\/2025\/06\/WhatsApp-Image-2025-06-11-at-2.47.19-PM-768x1023.jpeg 768w, https:\/\/san-andres-dinicuiti.org\/wp-content\/uploads\/2025\/06\/WhatsApp-Image-2025-06-11-at-2.47.19-PM-1153x1536.jpeg 1153w, https:\/\/san-andres-dinicuiti.org\/wp-content\/uploads\/2025\/06\/WhatsApp-Image-2025-06-11-at-2.47.19-PM.jpeg 1201w\" sizes=\"auto, (max-width: 769px) 100vw, 769px\" \/><\/figure>\n<\/div>\n<\/div>\n\n\n\n<p><\/p>\n","protected":false},"excerpt":{"rendered":"<p>San Andr\u00e9s Dinicuiti, Oax. \u2013 Mi\u00e9rcoles 11 de junio de 2025. Con la presencia del H. Ayuntamiento, el d\u00eda de hoy se formaliz\u00f3 la firma del convenio de colaboraci\u00f3n entre el Programa de Peque\u00f1as Donaciones (PPD) del Fondo para el Medio Ambiente Mundial (FMAM) y la asociaci\u00f3n civil Mujeres en Desarrollo (MUDEM), en la parcela [&hellip;]<\/p>\n","protected":false},"author":1,"featured_media":3588,"comment_status":"open","ping_status":"open","sticky":false,"template":"","format":"standard","meta":{"_gspb_post_css":"","footnotes":""},"categories":[26],"tags":[],"class_list":["post-3584","post","type-post","status-publish","format-standard","has-post-thumbnail","hentry","category-noticias"],"blocksy_meta":[],"_links":{"self":[{"href":"https:\/\/san-andres-dinicuiti.org\/hello-world\/wp-json\/wp\/v2\/posts\/3584","targetHints":{"allow":["GET"]}}],"collection":[{"href":"https:\/\/san-andres-dinicuiti.org\/hello-world\/wp-json\/wp\/v2\/posts"}],"about":[{"href":"https:\/\/san-andres-dinicuiti.org\/hello-world\/wp-json\/wp\/v2\/types\/post"}],"author":[{"embeddable":true,"href":"https:\/\/san-andres-dinicuiti.org\/hello-world\/wp-json\/wp\/v2\/users\/1"}],"replies":[{"embeddable":true,"href":"https:\/\/san-andres-dinicuiti.org\/hello-world\/wp-json\/wp\/v2\/comments?post=3584"}],"version-history":[{"count":1,"href":"https:\/\/san-andres-dinicuiti.org\/hello-world\/wp-json\/wp\/v2\/posts\/3584\/revisions"}],"predecessor-version":[{"id":3590,"href":"https:\/\/san-andres-dinicuiti.org\/hello-world\/wp-json\/wp\/v2\/posts\/3584\/revisions\/3590"}],"wp:featuredmedia":[{"embeddable":true,"href":"https:\/\/san-andres-dinicuiti.org\/hello-world\/wp-json\/wp\/v2\/media\/3588"}],"wp:attachment":[{"href":"https:\/\/san-andres-dinicuiti.org\/hello-world\/wp-json\/wp\/v2\/media?parent=3584"}],"wp:term":[{"taxonomy":"category","embeddable":true,"href":"https:\/\/san-andres-dinicuiti.org\/hello-world\/wp-json\/wp\/v2\/categories?post=3584"},{"taxonomy":"post_tag","embeddable":true,"href":"https:\/\/san-andres-dinicuiti.org\/hello-world\/wp-json\/wp\/v2\/tags?post=3584"}],"curies":[{"name":"wp","href":"https:\/\/api.w.org\/{rel}","templated":true}]}}