{"id":3598,"date":"2025-08-31T17:26:31","date_gmt":"2025-08-31T23:26:31","guid":{"rendered":"https:\/\/san-andres-dinicuiti.org\/hello-world\/?p=3598"},"modified":"2025-09-09T01:27:16","modified_gmt":"2025-09-09T07:27:16","slug":"asamblea-general-de-san-andres-dinicuiti-acuerda-continuidad-de-obras-prioritarias","status":"publish","type":"post","link":"https:\/\/san-andres-dinicuiti.org\/hello-world\/asamblea-general-de-san-andres-dinicuiti-acuerda-continuidad-de-obras-prioritarias\/","title":{"rendered":"Asamblea General de San Andr\u00e9s Dinicuiti acuerda continuidad de obras prioritarias"},"content":{"rendered":"\n<p><strong>San Andr\u00e9s Dinicuiti, Oaxaca; 31 de agosto de 2025.<\/strong><\/p>\n\n\n\n<p>El 31 de agosto se llev\u00f3 a cabo la <strong>Asamblea General del Pueblo de San Andr\u00e9s Dinicuiti<\/strong>, en la que participaron ciudadanas y ciudadanos de la cabecera municipal, agentes de las agencias, as\u00ed como integrantes del <strong>H. Ayuntamiento 2024\u20132027<\/strong>.<\/p>\n\n\n\n<figure class=\"wp-block-image aligncenter size-large is-resized\"><img loading=\"lazy\" decoding=\"async\" width=\"1024\" height=\"512\" src=\"https:\/\/san-andres-dinicuiti.org\/wp-content\/uploads\/2025\/09\/WhatsApp-Image-2025-08-31-at-5.20.20-PM-4-1-1024x512.jpeg\" alt=\"\" class=\"wp-image-3602\" style=\"width:683px;height:auto\" srcset=\"https:\/\/san-andres-dinicuiti.org\/wp-content\/uploads\/2025\/09\/WhatsApp-Image-2025-08-31-at-5.20.20-PM-4-1-1024x512.jpeg 1024w, https:\/\/san-andres-dinicuiti.org\/wp-content\/uploads\/2025\/09\/WhatsApp-Image-2025-08-31-at-5.20.20-PM-4-1-300x150.jpeg 300w, https:\/\/san-andres-dinicuiti.org\/wp-content\/uploads\/2025\/09\/WhatsApp-Image-2025-08-31-at-5.20.20-PM-4-1-768x384.jpeg 768w, https:\/\/san-andres-dinicuiti.org\/wp-content\/uploads\/2025\/09\/WhatsApp-Image-2025-08-31-at-5.20.20-PM-4-1.jpeg 1280w\" sizes=\"auto, (max-width: 1024px) 100vw, 1024px\" \/><\/figure>\n\n\n\n<p>El encuentro se desarroll\u00f3 en un ambiente de <strong>respeto, di\u00e1logo abierto y libertad de expresi\u00f3n<\/strong>, escuchando todas las voces y garantizando que ninguna opini\u00f3n fuera excluida. La paz y la civilidad con la que se realiz\u00f3 esta asamblea son muestra del compromiso de la ciudadan\u00eda con la gobernabilidad y el desarrollo del municipio.<\/p>\n\n\n\n<p>Tras la deliberaci\u00f3n colectiva y con <strong>unanimidad de votos<\/strong>, las y los presentes acordaron dar continuidad a las siguientes obras prioritarias:<\/p>\n\n\n\n<ul class=\"wp-block-list\">\n<li><strong>Construcci\u00f3n de los ba\u00f1os en la cancha municipal.<\/strong><\/li>\n\n\n\n<li><strong>Techado de bienes p\u00fablicos en la cancha municipal.<\/strong><\/li>\n\n\n\n<li><strong>Techado de la cancha de usos m\u00faltiples de la Escuela Telesecundaria de San Andr\u00e9s Dinicuiti.<\/strong><\/li>\n<\/ul>\n\n\n\n<p>Estas acciones responden a necesidades sentidas de la poblaci\u00f3n, garantizando espacios m\u00e1s dignos, seguros y funcionales para la pr\u00e1ctica deportiva, la educaci\u00f3n y la convivencia social.<\/p>\n\n\n\n<figure class=\"wp-block-image aligncenter size-large is-resized\"><img loading=\"lazy\" decoding=\"async\" width=\"1024\" height=\"576\" src=\"https:\/\/san-andres-dinicuiti.org\/wp-content\/uploads\/2025\/09\/WhatsApp-Image-2025-08-31-at-5.20.19-PM-2-1024x576.jpeg\" alt=\"\" class=\"wp-image-3603\" style=\"width:662px;height:auto\" srcset=\"https:\/\/san-andres-dinicuiti.org\/wp-content\/uploads\/2025\/09\/WhatsApp-Image-2025-08-31-at-5.20.19-PM-2-1024x576.jpeg 1024w, https:\/\/san-andres-dinicuiti.org\/wp-content\/uploads\/2025\/09\/WhatsApp-Image-2025-08-31-at-5.20.19-PM-2-300x169.jpeg 300w, https:\/\/san-andres-dinicuiti.org\/wp-content\/uploads\/2025\/09\/WhatsApp-Image-2025-08-31-at-5.20.19-PM-2-768x432.jpeg 768w, https:\/\/san-andres-dinicuiti.org\/wp-content\/uploads\/2025\/09\/WhatsApp-Image-2025-08-31-at-5.20.19-PM-2.jpeg 1280w\" sizes=\"auto, (max-width: 1024px) 100vw, 1024px\" \/><\/figure>\n\n\n\n<p>El <strong>H. Ayuntamiento 2024\u20132027<\/strong> reitera que <strong>su \u00fanico prop\u00f3sito es trabajar por el progreso de San Andr\u00e9s Dinicuiti<\/strong>, poniendo siempre en el centro el bienestar de las familias. Asimismo, hace un llamado a la <strong>unidad, la paz y la cooperaci\u00f3n comunitaria<\/strong>, recordando que solo juntos se podr\u00e1n alcanzar las metas de desarrollo que nuestro municipio merece.<\/p>\n\n\n\n<p>San Andr\u00e9s Dinicuiti avanza cuando su gente se une, dialoga y construye acuerdos en beneficio de todas y todos.<\/p>\n\n\n\n<figure class=\"wp-block-image size-large\"><img loading=\"lazy\" decoding=\"async\" width=\"1024\" height=\"518\" src=\"https:\/\/san-andres-dinicuiti.org\/wp-content\/uploads\/2025\/09\/WhatsApp-Image-2025-08-31-at-5.20.20-PM-5-1-1024x518.jpeg\" alt=\"\" class=\"wp-image-3605\" srcset=\"https:\/\/san-andres-dinicuiti.org\/wp-content\/uploads\/2025\/09\/WhatsApp-Image-2025-08-31-at-5.20.20-PM-5-1-1024x518.jpeg 1024w, https:\/\/san-andres-dinicuiti.org\/wp-content\/uploads\/2025\/09\/WhatsApp-Image-2025-08-31-at-5.20.20-PM-5-1-300x152.jpeg 300w, https:\/\/san-andres-dinicuiti.org\/wp-content\/uploads\/2025\/09\/WhatsApp-Image-2025-08-31-at-5.20.20-PM-5-1-768x389.jpeg 768w, https:\/\/san-andres-dinicuiti.org\/wp-content\/uploads\/2025\/09\/WhatsApp-Image-2025-08-31-at-5.20.20-PM-5-1.jpeg 1280w\" sizes=\"auto, (max-width: 1024px) 100vw, 1024px\" \/><\/figure>\n","protected":false},"excerpt":{"rendered":"<p>San Andr\u00e9s Dinicuiti, Oaxaca; 31 de agosto de 2025. El 31 de agosto se llev\u00f3 a cabo la Asamblea General del Pueblo de San Andr\u00e9s Dinicuiti, en la que participaron ciudadanas y ciudadanos de la cabecera municipal, agentes de las agencias, as\u00ed como integrantes del H. Ayuntamiento 2024\u20132027. El encuentro se desarroll\u00f3 en un ambiente [&hellip;]<\/p>\n","protected":false},"author":1,"featured_media":3606,"comment_status":"open","ping_status":"open","sticky":false,"template":"","format":"standard","meta":{"_gspb_post_css":"","footnotes":""},"categories":[26],"tags":[],"class_list":["post-3598","post","type-post","status-publish","format-standard","has-post-thumbnail","hentry","category-noticias"],"blocksy_meta":[],"_links":{"self":[{"href":"https:\/\/san-andres-dinicuiti.org\/hello-world\/wp-json\/wp\/v2\/posts\/3598","targetHints":{"allow":["GET"]}}],"collection":[{"href":"https:\/\/san-andres-dinicuiti.org\/hello-world\/wp-json\/wp\/v2\/posts"}],"about":[{"href":"https:\/\/san-andres-dinicuiti.org\/hello-world\/wp-json\/wp\/v2\/types\/post"}],"author":[{"embeddable":true,"href":"https:\/\/san-andres-dinicuiti.org\/hello-world\/wp-json\/wp\/v2\/users\/1"}],"replies":[{"embeddable":true,"href":"https:\/\/san-andres-dinicuiti.org\/hello-world\/wp-json\/wp\/v2\/comments?post=3598"}],"version-history":[{"count":1,"href":"https:\/\/san-andres-dinicuiti.org\/hello-world\/wp-json\/wp\/v2\/posts\/3598\/revisions"}],"predecessor-version":[{"id":3607,"href":"https:\/\/san-andres-dinicuiti.org\/hello-world\/wp-json\/wp\/v2\/posts\/3598\/revisions\/3607"}],"wp:featuredmedia":[{"embeddable":true,"href":"https:\/\/san-andres-dinicuiti.org\/hello-world\/wp-json\/wp\/v2\/media\/3606"}],"wp:attachment":[{"href":"https:\/\/san-andres-dinicuiti.org\/hello-world\/wp-json\/wp\/v2\/media?parent=3598"}],"wp:term":[{"taxonomy":"category","embeddable":true,"href":"https:\/\/san-andres-dinicuiti.org\/hello-world\/wp-json\/wp\/v2\/categories?post=3598"},{"taxonomy":"post_tag","embeddable":true,"href":"https:\/\/san-andres-dinicuiti.org\/hello-world\/wp-json\/wp\/v2\/tags?post=3598"}],"curies":[{"name":"wp","href":"https:\/\/api.w.org\/{rel}","templated":true}]}}