{"id":3608,"date":"2025-09-05T18:40:56","date_gmt":"2025-09-06T00:40:56","guid":{"rendered":"https:\/\/san-andres-dinicuiti.org\/hello-world\/?p=3608"},"modified":"2025-09-09T01:45:30","modified_gmt":"2025-09-09T07:45:30","slug":"conmemoracion-el-dia-internacional-de-la-mujer-indigena","status":"publish","type":"post","link":"https:\/\/san-andres-dinicuiti.org\/hello-world\/conmemoracion-el-dia-internacional-de-la-mujer-indigena\/","title":{"rendered":"Conmemoraci\u00f3n  el D\u00eda Internacional de la Mujer Ind\u00edgena"},"content":{"rendered":"\n<figure class=\"wp-block-image aligncenter size-large is-resized\"><img loading=\"lazy\" decoding=\"async\" width=\"768\" height=\"1024\" src=\"https:\/\/san-andres-dinicuiti.org\/wp-content\/uploads\/2025\/09\/WhatsApp-Image-2025-09-05-at-10.03.42-AM-768x1024.jpeg\" alt=\"\" class=\"wp-image-3609\" style=\"width:434px;height:auto\" srcset=\"https:\/\/san-andres-dinicuiti.org\/wp-content\/uploads\/2025\/09\/WhatsApp-Image-2025-09-05-at-10.03.42-AM-768x1024.jpeg 768w, https:\/\/san-andres-dinicuiti.org\/wp-content\/uploads\/2025\/09\/WhatsApp-Image-2025-09-05-at-10.03.42-AM-225x300.jpeg 225w, https:\/\/san-andres-dinicuiti.org\/wp-content\/uploads\/2025\/09\/WhatsApp-Image-2025-09-05-at-10.03.42-AM.jpeg 960w\" sizes=\"auto, (max-width: 768px) 100vw, 768px\" \/><\/figure>\n\n\n\n<p>En el marco del <strong>D\u00eda Internacional de la Mujer Ind\u00edgena<\/strong>, el pasado viernes 5 de septiembre se llev\u00f3 a cabo en la ciudad de Oaxaca un <strong>taller sobre la participaci\u00f3n de la mujer ind\u00edgena en la pol\u00edtica y en diversos espacios de toma de decisi\u00f3n<\/strong>.<\/p>\n\n\n\n<p>En representaci\u00f3n del <strong>H. Ayuntamiento de San Andr\u00e9s Dinicuiti 2024\u20132027<\/strong>, particip\u00f3 la <strong>C. Alma Nohem\u00ed Montecinos, Directora de la Instancia de la Mujer Municipal<\/strong>, quien destac\u00f3 la importancia de seguir impulsando el liderazgo femenino en todos los \u00e1mbitos de la vida comunitaria y gubernamental.<\/p>\n\n\n\n<p>Este taller reuni\u00f3 a mujeres de distintas regiones de Oaxaca, quienes compartieron experiencias, reflexiones y propuestas que fortalecen la lucha por la igualdad de derechos, la equidad y el reconocimiento del papel fundamental que desempe\u00f1an las mujeres ind\u00edgenas en el desarrollo social, pol\u00edtico y cultural.<\/p>\n\n\n\n<p>La conmemoraci\u00f3n del <strong>D\u00eda Internacional de la Mujer Ind\u00edgena<\/strong> tambi\u00e9n representa un espacio de memoria y reconocimiento a aquellas mujeres que, con valent\u00eda, participaron en luchas hist\u00f3ricas y batallas que marcaron el rumbo de sus pueblos. Su legado de resistencia, dignidad y justicia sigue siendo inspiraci\u00f3n para las generaciones actuales y futuras.<\/p>\n\n\n\n<figure class=\"wp-block-image aligncenter size-large is-resized\"><img loading=\"lazy\" decoding=\"async\" width=\"768\" height=\"1024\" src=\"https:\/\/san-andres-dinicuiti.org\/wp-content\/uploads\/2025\/09\/WhatsApp-Image-2025-09-05-at-10.13.52-AM-768x1024.jpeg\" alt=\"\" class=\"wp-image-3610\" style=\"width:351px;height:auto\" srcset=\"https:\/\/san-andres-dinicuiti.org\/wp-content\/uploads\/2025\/09\/WhatsApp-Image-2025-09-05-at-10.13.52-AM-768x1024.jpeg 768w, https:\/\/san-andres-dinicuiti.org\/wp-content\/uploads\/2025\/09\/WhatsApp-Image-2025-09-05-at-10.13.52-AM-225x300.jpeg 225w, https:\/\/san-andres-dinicuiti.org\/wp-content\/uploads\/2025\/09\/WhatsApp-Image-2025-09-05-at-10.13.52-AM-1152x1536.jpeg 1152w, https:\/\/san-andres-dinicuiti.org\/wp-content\/uploads\/2025\/09\/WhatsApp-Image-2025-09-05-at-10.13.52-AM.jpeg 1200w\" sizes=\"auto, (max-width: 768px) 100vw, 768px\" \/><\/figure>\n\n\n\n<p>El <strong>H. Ayuntamiento de San Andr\u00e9s Dinicuiti<\/strong> reafirma su compromiso de seguir trabajando por un municipio donde las mujeres ind\u00edgenas tengan plena participaci\u00f3n y voz en la toma de decisiones. Reconocemos que el progreso de nuestro pueblo no puede concebirse sin la fuerza, la sabidur\u00eda y la visi\u00f3n de las mujeres.<\/p>\n\n\n\n<p>\ud83d\udc9c En este d\u00eda, recordamos que la mujer ind\u00edgena es presente, es futuro y es transformaci\u00f3n.<\/p>\n\n\n\n<figure class=\"wp-block-image aligncenter size-large is-resized\"><img loading=\"lazy\" decoding=\"async\" width=\"1024\" height=\"616\" src=\"https:\/\/san-andres-dinicuiti.org\/wp-content\/uploads\/2025\/09\/1-1024x616.jpg\" alt=\"\" class=\"wp-image-3612\" style=\"width:531px;height:auto\" srcset=\"https:\/\/san-andres-dinicuiti.org\/wp-content\/uploads\/2025\/09\/1-1024x616.jpg 1024w, https:\/\/san-andres-dinicuiti.org\/wp-content\/uploads\/2025\/09\/1-300x180.jpg 300w, https:\/\/san-andres-dinicuiti.org\/wp-content\/uploads\/2025\/09\/1-768x462.jpg 768w, https:\/\/san-andres-dinicuiti.org\/wp-content\/uploads\/2025\/09\/1-1536x924.jpg 1536w, https:\/\/san-andres-dinicuiti.org\/wp-content\/uploads\/2025\/09\/1.jpg 2048w\" sizes=\"auto, (max-width: 1024px) 100vw, 1024px\" \/><\/figure>\n","protected":false},"excerpt":{"rendered":"<p>En el marco del D\u00eda Internacional de la Mujer Ind\u00edgena, el pasado viernes 5 de septiembre se llev\u00f3 a cabo en la ciudad de Oaxaca un taller sobre la participaci\u00f3n de la mujer ind\u00edgena en la pol\u00edtica y en diversos espacios de toma de decisi\u00f3n. En representaci\u00f3n del H. Ayuntamiento de San Andr\u00e9s Dinicuiti 2024\u20132027, [&hellip;]<\/p>\n","protected":false},"author":1,"featured_media":3612,"comment_status":"open","ping_status":"open","sticky":false,"template":"","format":"standard","meta":{"_gspb_post_css":"","footnotes":""},"categories":[26],"tags":[],"class_list":["post-3608","post","type-post","status-publish","format-standard","has-post-thumbnail","hentry","category-noticias"],"blocksy_meta":[],"_links":{"self":[{"href":"https:\/\/san-andres-dinicuiti.org\/hello-world\/wp-json\/wp\/v2\/posts\/3608","targetHints":{"allow":["GET"]}}],"collection":[{"href":"https:\/\/san-andres-dinicuiti.org\/hello-world\/wp-json\/wp\/v2\/posts"}],"about":[{"href":"https:\/\/san-andres-dinicuiti.org\/hello-world\/wp-json\/wp\/v2\/types\/post"}],"author":[{"embeddable":true,"href":"https:\/\/san-andres-dinicuiti.org\/hello-world\/wp-json\/wp\/v2\/users\/1"}],"replies":[{"embeddable":true,"href":"https:\/\/san-andres-dinicuiti.org\/hello-world\/wp-json\/wp\/v2\/comments?post=3608"}],"version-history":[{"count":1,"href":"https:\/\/san-andres-dinicuiti.org\/hello-world\/wp-json\/wp\/v2\/posts\/3608\/revisions"}],"predecessor-version":[{"id":3613,"href":"https:\/\/san-andres-dinicuiti.org\/hello-world\/wp-json\/wp\/v2\/posts\/3608\/revisions\/3613"}],"wp:featuredmedia":[{"embeddable":true,"href":"https:\/\/san-andres-dinicuiti.org\/hello-world\/wp-json\/wp\/v2\/media\/3612"}],"wp:attachment":[{"href":"https:\/\/san-andres-dinicuiti.org\/hello-world\/wp-json\/wp\/v2\/media?parent=3608"}],"wp:term":[{"taxonomy":"category","embeddable":true,"href":"https:\/\/san-andres-dinicuiti.org\/hello-world\/wp-json\/wp\/v2\/categories?post=3608"},{"taxonomy":"post_tag","embeddable":true,"href":"https:\/\/san-andres-dinicuiti.org\/hello-world\/wp-json\/wp\/v2\/tags?post=3608"}],"curies":[{"name":"wp","href":"https:\/\/api.w.org\/{rel}","templated":true}]}}