{"id":3615,"date":"2025-09-16T17:14:00","date_gmt":"2025-09-16T23:14:00","guid":{"rendered":"https:\/\/san-andres-dinicuiti.org\/hello-world\/?p=3615"},"modified":"2025-09-17T00:16:52","modified_gmt":"2025-09-17T06:16:52","slug":"san-andres-dinicuiti-celebra-con-orgullo-las-fiestas-patrias-2025","status":"publish","type":"post","link":"https:\/\/san-andres-dinicuiti.org\/hello-world\/san-andres-dinicuiti-celebra-con-orgullo-las-fiestas-patrias-2025\/","title":{"rendered":"San Andr\u00e9s Dinicuiti celebra con orgullo las Fiestas Patrias 2025"},"content":{"rendered":"\n<figure class=\"wp-block-image aligncenter size-large is-resized\"><img loading=\"lazy\" decoding=\"async\" width=\"1024\" height=\"770\" src=\"https:\/\/san-andres-dinicuiti.org\/wp-content\/uploads\/2025\/09\/16-sep-06-1024x770.jpeg\" alt=\"\" class=\"wp-image-3620\" style=\"width:530px;height:auto\" srcset=\"https:\/\/san-andres-dinicuiti.org\/wp-content\/uploads\/2025\/09\/16-sep-06-1024x770.jpeg 1024w, https:\/\/san-andres-dinicuiti.org\/wp-content\/uploads\/2025\/09\/16-sep-06-300x226.jpeg 300w, https:\/\/san-andres-dinicuiti.org\/wp-content\/uploads\/2025\/09\/16-sep-06-768x578.jpeg 768w, https:\/\/san-andres-dinicuiti.org\/wp-content\/uploads\/2025\/09\/16-sep-06.jpeg 1280w\" sizes=\"auto, (max-width: 1024px) 100vw, 1024px\" \/><\/figure>\n\n\n\n<p>San Andr\u00e9s Dinicuiti, Oaxaca; 16 de septiembre de 2025.<\/p>\n\n\n\n<p>Con gran participaci\u00f3n ciudadana, el <strong>H. Ayuntamiento de San Andr\u00e9s Dinicuiti 2025\u20132027<\/strong> llev\u00f3 a cabo las actividades conmemorativas de las <strong>Fiestas Patrias 2025<\/strong>, en coordinaci\u00f3n con instituciones educativas de todos los niveles y el Comisariado de Bienes Comunales.<\/p>\n\n\n\n<p>Las celebraciones iniciaron el <strong>15 de septiembre<\/strong>, con el recorrido por las principales calles de la cabecera municipal, acompa\u00f1ando a las se\u00f1oritas Am\u00e9ricas hasta sus hogares, seguido de los <strong>Honores a la Bandera<\/strong> y la <strong>verbena popular<\/strong>, donde las familias dinicuite\u00f1as disfrutaron de un ambiente de convivencia y alegr\u00eda que resalt\u00f3 el orgullo de ser mexicanas y mexicanos.<\/p>\n\n\n\n<figure class=\"wp-block-image aligncenter size-large is-resized\"><img loading=\"lazy\" decoding=\"async\" width=\"1024\" height=\"770\" src=\"https:\/\/san-andres-dinicuiti.org\/wp-content\/uploads\/2025\/09\/16-sep-07-1024x770.jpeg\" alt=\"\" class=\"wp-image-3623\" style=\"width:577px;height:auto\" srcset=\"https:\/\/san-andres-dinicuiti.org\/wp-content\/uploads\/2025\/09\/16-sep-07-1024x770.jpeg 1024w, https:\/\/san-andres-dinicuiti.org\/wp-content\/uploads\/2025\/09\/16-sep-07-300x226.jpeg 300w, https:\/\/san-andres-dinicuiti.org\/wp-content\/uploads\/2025\/09\/16-sep-07-768x578.jpeg 768w, https:\/\/san-andres-dinicuiti.org\/wp-content\/uploads\/2025\/09\/16-sep-07.jpeg 1280w\" sizes=\"auto, (max-width: 1024px) 100vw, 1024px\" \/><\/figure>\n\n\n\n<p>El d\u00eda de hoy, <strong>16 de septiembre<\/strong>, se realiz\u00f3 el <strong>acto c\u00edvico y homenaje en memoria de los h\u00e9roes de la Independencia<\/strong>, donde se record\u00f3 la valent\u00eda y el sacrificio de quienes lucharon por la libertad de nuestro pa\u00eds. Con la participaci\u00f3n del <strong>H. Ayuntamiento, las instituciones educativas del municipio y el Comisariado de Bienes Comunales<\/strong>, se reafirm\u00f3 el compromiso de mantener vivas nuestras tradiciones y valores patrios.<\/p>\n\n\n\n<figure class=\"wp-block-image aligncenter size-large is-resized\"><img loading=\"lazy\" decoding=\"async\" width=\"1024\" height=\"770\" src=\"https:\/\/san-andres-dinicuiti.org\/wp-content\/uploads\/2025\/09\/16-sep-01-1024x770.jpeg\" alt=\"\" class=\"wp-image-3621\" style=\"width:580px;height:auto\" srcset=\"https:\/\/san-andres-dinicuiti.org\/wp-content\/uploads\/2025\/09\/16-sep-01-1024x770.jpeg 1024w, https:\/\/san-andres-dinicuiti.org\/wp-content\/uploads\/2025\/09\/16-sep-01-300x226.jpeg 300w, https:\/\/san-andres-dinicuiti.org\/wp-content\/uploads\/2025\/09\/16-sep-01-768x578.jpeg 768w, https:\/\/san-andres-dinicuiti.org\/wp-content\/uploads\/2025\/09\/16-sep-01.jpeg 1280w\" sizes=\"auto, (max-width: 1024px) 100vw, 1024px\" \/><\/figure>\n\n\n\n<p>El <strong>H. Ayuntamiento de San Andr\u00e9s Dinicuiti<\/strong> agradece de manera especial a todas las instituciones y ciudadanos que hicieron posible estas jornadas, demostrando que la unidad, la cooperaci\u00f3n y la participaci\u00f3n activa son la fuerza que mantiene vivo el esp\u00edritu de nuestro pueblo.<\/p>\n\n\n\n<p>\ud83c\uddf2\ud83c\uddfd Estas fiestas patrias nos recuerdan que la historia se honra con acciones presentes y que la grandeza de nuestro municipio est\u00e1 en la uni\u00f3n de su gente.<\/p>\n\n\n\n<figure class=\"wp-block-image size-large\"><img loading=\"lazy\" decoding=\"async\" width=\"1024\" height=\"770\" src=\"https:\/\/san-andres-dinicuiti.org\/wp-content\/uploads\/2025\/09\/16-sep-04-1024x770.jpeg\" alt=\"\" class=\"wp-image-3622\" srcset=\"https:\/\/san-andres-dinicuiti.org\/wp-content\/uploads\/2025\/09\/16-sep-04-1024x770.jpeg 1024w, https:\/\/san-andres-dinicuiti.org\/wp-content\/uploads\/2025\/09\/16-sep-04-300x226.jpeg 300w, https:\/\/san-andres-dinicuiti.org\/wp-content\/uploads\/2025\/09\/16-sep-04-768x578.jpeg 768w, https:\/\/san-andres-dinicuiti.org\/wp-content\/uploads\/2025\/09\/16-sep-04.jpeg 1280w\" sizes=\"auto, (max-width: 1024px) 100vw, 1024px\" \/><\/figure>\n","protected":false},"excerpt":{"rendered":"<p>San Andr\u00e9s Dinicuiti, Oaxaca; 16 de septiembre de 2025. Con gran participaci\u00f3n ciudadana, el H. Ayuntamiento de San Andr\u00e9s Dinicuiti 2025\u20132027 llev\u00f3 a cabo las actividades conmemorativas de las Fiestas Patrias 2025, en coordinaci\u00f3n con instituciones educativas de todos los niveles y el Comisariado de Bienes Comunales. Las celebraciones iniciaron el 15 de septiembre, con [&hellip;]<\/p>\n","protected":false},"author":1,"featured_media":3624,"comment_status":"open","ping_status":"open","sticky":false,"template":"","format":"standard","meta":{"_gspb_post_css":"","footnotes":""},"categories":[1],"tags":[],"class_list":["post-3615","post","type-post","status-publish","format-standard","has-post-thumbnail","hentry","category-sin-categoria"],"blocksy_meta":[],"_links":{"self":[{"href":"https:\/\/san-andres-dinicuiti.org\/hello-world\/wp-json\/wp\/v2\/posts\/3615","targetHints":{"allow":["GET"]}}],"collection":[{"href":"https:\/\/san-andres-dinicuiti.org\/hello-world\/wp-json\/wp\/v2\/posts"}],"about":[{"href":"https:\/\/san-andres-dinicuiti.org\/hello-world\/wp-json\/wp\/v2\/types\/post"}],"author":[{"embeddable":true,"href":"https:\/\/san-andres-dinicuiti.org\/hello-world\/wp-json\/wp\/v2\/users\/1"}],"replies":[{"embeddable":true,"href":"https:\/\/san-andres-dinicuiti.org\/hello-world\/wp-json\/wp\/v2\/comments?post=3615"}],"version-history":[{"count":2,"href":"https:\/\/san-andres-dinicuiti.org\/hello-world\/wp-json\/wp\/v2\/posts\/3615\/revisions"}],"predecessor-version":[{"id":3626,"href":"https:\/\/san-andres-dinicuiti.org\/hello-world\/wp-json\/wp\/v2\/posts\/3615\/revisions\/3626"}],"wp:featuredmedia":[{"embeddable":true,"href":"https:\/\/san-andres-dinicuiti.org\/hello-world\/wp-json\/wp\/v2\/media\/3624"}],"wp:attachment":[{"href":"https:\/\/san-andres-dinicuiti.org\/hello-world\/wp-json\/wp\/v2\/media?parent=3615"}],"wp:term":[{"taxonomy":"category","embeddable":true,"href":"https:\/\/san-andres-dinicuiti.org\/hello-world\/wp-json\/wp\/v2\/categories?post=3615"},{"taxonomy":"post_tag","embeddable":true,"href":"https:\/\/san-andres-dinicuiti.org\/hello-world\/wp-json\/wp\/v2\/tags?post=3615"}],"curies":[{"name":"wp","href":"https:\/\/api.w.org\/{rel}","templated":true}]}}