{"id":3630,"date":"2025-09-22T18:14:54","date_gmt":"2025-09-23T00:14:54","guid":{"rendered":"https:\/\/san-andres-dinicuiti.org\/hello-world\/?p=3630"},"modified":"2025-09-24T23:16:07","modified_gmt":"2025-09-25T05:16:07","slug":"recorrido-en-los-sanihuertos-y-ecoconstrucciones-de-san-andres-dinicuiti","status":"publish","type":"post","link":"https:\/\/san-andres-dinicuiti.org\/hello-world\/recorrido-en-los-sanihuertos-y-ecoconstrucciones-de-san-andres-dinicuiti\/","title":{"rendered":"Recorrido en los Sanihuertos y Ecoconstrucciones de San Andr\u00e9s Dinicuiti"},"content":{"rendered":"\n<p><strong>San Andr\u00e9s Dinicuiti, Oaxaca; 22 de septiembre de 2025.<\/strong><\/p>\n\n\n\n<figure class=\"wp-block-image aligncenter size-large is-resized\"><img loading=\"lazy\" decoding=\"async\" width=\"1024\" height=\"768\" src=\"https:\/\/san-andres-dinicuiti.org\/wp-content\/uploads\/2025\/09\/22-sep-02-1-1024x768.jpeg\" alt=\"\" class=\"wp-image-3638\" style=\"width:499px;height:auto\" srcset=\"https:\/\/san-andres-dinicuiti.org\/wp-content\/uploads\/2025\/09\/22-sep-02-1-1024x768.jpeg 1024w, https:\/\/san-andres-dinicuiti.org\/wp-content\/uploads\/2025\/09\/22-sep-02-1-300x225.jpeg 300w, https:\/\/san-andres-dinicuiti.org\/wp-content\/uploads\/2025\/09\/22-sep-02-1-768x576.jpeg 768w, https:\/\/san-andres-dinicuiti.org\/wp-content\/uploads\/2025\/09\/22-sep-02-1.jpeg 1280w\" sizes=\"auto, (max-width: 1024px) 100vw, 1024px\" \/><\/figure>\n\n\n\n<p>El pasado lunes, autoridades del <strong>H. Ayuntamiento de San Andr\u00e9s Dinicuiti 2025\u20132027<\/strong>, en coordinaci\u00f3n con la organizaci\u00f3n <strong>Mujeres en Desarrollo (MUDEM)<\/strong>, realizaron un recorrido en los <strong>sanihuertos comunitarios<\/strong>, ubicados en domicilios particulares y en la <strong>Escuela Telesecundaria de la cabecera municipal<\/strong>.<\/p>\n\n\n\n<p>En este recorrido se cont\u00f3 con la presencia de representantes de MUDEM, entre ellas la <strong>C. Patricia Silva<\/strong>, quien junto con integrantes del Ayuntamiento y directivos de la telesecundaria visit\u00f3 los espacios habilitados como <strong>sanihuertos, ba\u00f1os secos y ecoconstrucciones<\/strong> que se han implementado en la comunidad gracias al apoyo de programas de financiamiento nacional e internacional.<\/p>\n\n\n\n<p>Estas iniciativas buscan promover la <strong>sustentabilidad, la seguridad alimentaria y el cuidado del medio ambiente<\/strong>, mediante la producci\u00f3n local de alimentos y el aprovechamiento responsable de los recursos naturales. Al mismo tiempo, representan una alternativa para fortalecer la econom\u00eda familiar, generar aprendizajes comunitarios y ofrecer a las y los estudiantes de la telesecundaria herramientas pr\u00e1cticas sobre agricultura sustentable y ecotecnolog\u00edas.<\/p>\n\n\n\n<figure class=\"wp-block-image aligncenter size-large is-resized\"><img loading=\"lazy\" decoding=\"async\" width=\"1024\" height=\"768\" src=\"https:\/\/san-andres-dinicuiti.org\/wp-content\/uploads\/2025\/09\/22-sep-01-1-1024x768.jpeg\" alt=\"\" class=\"wp-image-3639\" style=\"width:509px;height:auto\" srcset=\"https:\/\/san-andres-dinicuiti.org\/wp-content\/uploads\/2025\/09\/22-sep-01-1-1024x768.jpeg 1024w, https:\/\/san-andres-dinicuiti.org\/wp-content\/uploads\/2025\/09\/22-sep-01-1-300x225.jpeg 300w, https:\/\/san-andres-dinicuiti.org\/wp-content\/uploads\/2025\/09\/22-sep-01-1-768x576.jpeg 768w, https:\/\/san-andres-dinicuiti.org\/wp-content\/uploads\/2025\/09\/22-sep-01-1.jpeg 1280w\" sizes=\"auto, (max-width: 1024px) 100vw, 1024px\" \/><\/figure>\n\n\n\n<p>El <strong>H. Ayuntamiento de San Andr\u00e9s Dinicuiti<\/strong> reconoce que este tipo de proyectos no solo transforman los espacios comunitarios, sino tambi\u00e9n las conciencias, al sembrar valores de responsabilidad y cuidado hacia nuestra tierra.<\/p>\n\n\n\n<p>De manera especial, el Ayuntamiento expresa su <strong>agradecimiento a MUDEM<\/strong> por las facilidades prestadas y por su acompa\u00f1amiento en la implementaci\u00f3n de estos proyectos, que hoy son una realidad en beneficio de nuestra gente.<\/p>\n\n\n\n<figure class=\"wp-block-gallery has-nested-images columns-default is-cropped wp-block-gallery-1 is-layout-flex wp-block-gallery-is-layout-flex\">\n<figure class=\"wp-block-image size-large is-resized\"><img loading=\"lazy\" decoding=\"async\" width=\"768\" height=\"1024\" data-id=\"3640\" src=\"https:\/\/san-andres-dinicuiti.org\/wp-content\/uploads\/2025\/09\/22-sep-06-1-768x1024.jpeg\" alt=\"\" class=\"wp-image-3640\" style=\"width:344px;height:auto\" srcset=\"https:\/\/san-andres-dinicuiti.org\/wp-content\/uploads\/2025\/09\/22-sep-06-1-768x1024.jpeg 768w, https:\/\/san-andres-dinicuiti.org\/wp-content\/uploads\/2025\/09\/22-sep-06-1-225x300.jpeg 225w, https:\/\/san-andres-dinicuiti.org\/wp-content\/uploads\/2025\/09\/22-sep-06-1-1152x1536.jpeg 1152w, https:\/\/san-andres-dinicuiti.org\/wp-content\/uploads\/2025\/09\/22-sep-06-1.jpeg 1200w\" sizes=\"auto, (max-width: 768px) 100vw, 768px\" \/><\/figure>\n\n\n\n<figure class=\"wp-block-image size-large is-resized\"><img loading=\"lazy\" decoding=\"async\" width=\"768\" height=\"1024\" data-id=\"3637\" src=\"https:\/\/san-andres-dinicuiti.org\/wp-content\/uploads\/2025\/09\/22-sep-08-768x1024.jpeg\" alt=\"\" class=\"wp-image-3637\" style=\"width:373px;height:auto\" srcset=\"https:\/\/san-andres-dinicuiti.org\/wp-content\/uploads\/2025\/09\/22-sep-08-768x1024.jpeg 768w, https:\/\/san-andres-dinicuiti.org\/wp-content\/uploads\/2025\/09\/22-sep-08-225x300.jpeg 225w, https:\/\/san-andres-dinicuiti.org\/wp-content\/uploads\/2025\/09\/22-sep-08-1152x1536.jpeg 1152w, https:\/\/san-andres-dinicuiti.org\/wp-content\/uploads\/2025\/09\/22-sep-08.jpeg 1200w\" sizes=\"auto, (max-width: 768px) 100vw, 768px\" \/><\/figure>\n<\/figure>\n\n\n\n<p>Con acciones como estas, reafirmamos que el <strong>progreso de San Andr\u00e9s Dinicuiti se construye de la mano de la ciudadan\u00eda y con el apoyo de instituciones comprometidas con el desarrollo social y ambiental<\/strong><\/p>\n\n\n\n<figure class=\"wp-block-image aligncenter size-large is-resized\"><img loading=\"lazy\" decoding=\"async\" width=\"1024\" height=\"768\" src=\"https:\/\/san-andres-dinicuiti.org\/wp-content\/uploads\/2025\/09\/22-sep-03-1024x768.jpeg\" alt=\"\" class=\"wp-image-3633\" style=\"width:594px;height:auto\" srcset=\"https:\/\/san-andres-dinicuiti.org\/wp-content\/uploads\/2025\/09\/22-sep-03-1024x768.jpeg 1024w, https:\/\/san-andres-dinicuiti.org\/wp-content\/uploads\/2025\/09\/22-sep-03-300x225.jpeg 300w, https:\/\/san-andres-dinicuiti.org\/wp-content\/uploads\/2025\/09\/22-sep-03-768x576.jpeg 768w, https:\/\/san-andres-dinicuiti.org\/wp-content\/uploads\/2025\/09\/22-sep-03-1536x1152.jpeg 1536w, https:\/\/san-andres-dinicuiti.org\/wp-content\/uploads\/2025\/09\/22-sep-03.jpeg 1600w\" sizes=\"auto, (max-width: 1024px) 100vw, 1024px\" \/><\/figure>\n","protected":false},"excerpt":{"rendered":"<p>San Andr\u00e9s Dinicuiti, Oaxaca; 22 de septiembre de 2025. El pasado lunes, autoridades del H. Ayuntamiento de San Andr\u00e9s Dinicuiti 2025\u20132027, en coordinaci\u00f3n con la organizaci\u00f3n Mujeres en Desarrollo (MUDEM), realizaron un recorrido en los sanihuertos comunitarios, ubicados en domicilios particulares y en la Escuela Telesecundaria de la cabecera municipal. En este recorrido se cont\u00f3 [&hellip;]<\/p>\n","protected":false},"author":1,"featured_media":3632,"comment_status":"open","ping_status":"open","sticky":false,"template":"","format":"standard","meta":{"_gspb_post_css":"","footnotes":""},"categories":[26],"tags":[],"class_list":["post-3630","post","type-post","status-publish","format-standard","has-post-thumbnail","hentry","category-noticias"],"blocksy_meta":[],"_links":{"self":[{"href":"https:\/\/san-andres-dinicuiti.org\/hello-world\/wp-json\/wp\/v2\/posts\/3630","targetHints":{"allow":["GET"]}}],"collection":[{"href":"https:\/\/san-andres-dinicuiti.org\/hello-world\/wp-json\/wp\/v2\/posts"}],"about":[{"href":"https:\/\/san-andres-dinicuiti.org\/hello-world\/wp-json\/wp\/v2\/types\/post"}],"author":[{"embeddable":true,"href":"https:\/\/san-andres-dinicuiti.org\/hello-world\/wp-json\/wp\/v2\/users\/1"}],"replies":[{"embeddable":true,"href":"https:\/\/san-andres-dinicuiti.org\/hello-world\/wp-json\/wp\/v2\/comments?post=3630"}],"version-history":[{"count":1,"href":"https:\/\/san-andres-dinicuiti.org\/hello-world\/wp-json\/wp\/v2\/posts\/3630\/revisions"}],"predecessor-version":[{"id":3641,"href":"https:\/\/san-andres-dinicuiti.org\/hello-world\/wp-json\/wp\/v2\/posts\/3630\/revisions\/3641"}],"wp:featuredmedia":[{"embeddable":true,"href":"https:\/\/san-andres-dinicuiti.org\/hello-world\/wp-json\/wp\/v2\/media\/3632"}],"wp:attachment":[{"href":"https:\/\/san-andres-dinicuiti.org\/hello-world\/wp-json\/wp\/v2\/media?parent=3630"}],"wp:term":[{"taxonomy":"category","embeddable":true,"href":"https:\/\/san-andres-dinicuiti.org\/hello-world\/wp-json\/wp\/v2\/categories?post=3630"},{"taxonomy":"post_tag","embeddable":true,"href":"https:\/\/san-andres-dinicuiti.org\/hello-world\/wp-json\/wp\/v2\/tags?post=3630"}],"curies":[{"name":"wp","href":"https:\/\/api.w.org\/{rel}","templated":true}]}}