{"id":3643,"date":"2025-10-19T15:32:00","date_gmt":"2025-10-19T21:32:00","guid":{"rendered":"https:\/\/san-andres-dinicuiti.org\/hello-world\/?p=3643"},"modified":"2025-10-20T01:39:37","modified_gmt":"2025-10-20T07:39:37","slug":"tequio-comunitario-en-el-panteon-municipal-de-san-andres-dinicuiti-rumbo-a-las-festividades-de-dia-de-muertos","status":"publish","type":"post","link":"https:\/\/san-andres-dinicuiti.org\/hello-world\/tequio-comunitario-en-el-panteon-municipal-de-san-andres-dinicuiti-rumbo-a-las-festividades-de-dia-de-muertos\/","title":{"rendered":"Tequio en el Pante\u00f3n Municipal de San Andr\u00e9s Dinicuiti"},"content":{"rendered":"\n<p class=\"has-large-font-size\"><strong>Tequio en el Pante\u00f3n Municipal de San Andr\u00e9s Dinicuiti<\/strong><\/p>\n\n\n\n<p><strong>San Andr\u00e9s Dinicuiti, Oaxaca; 19 de octubre de 2025.<\/strong><\/p>\n\n\n\n<figure class=\"wp-block-image aligncenter size-large\"><img loading=\"lazy\" decoding=\"async\" width=\"1024\" height=\"576\" src=\"https:\/\/san-andres-dinicuiti.org\/wp-content\/uploads\/2025\/10\/tequio19-de-octubre-05-1024x576.jpeg\" alt=\"\" class=\"wp-image-3644\" srcset=\"https:\/\/san-andres-dinicuiti.org\/wp-content\/uploads\/2025\/10\/tequio19-de-octubre-05-1024x576.jpeg 1024w, https:\/\/san-andres-dinicuiti.org\/wp-content\/uploads\/2025\/10\/tequio19-de-octubre-05-300x169.jpeg 300w, https:\/\/san-andres-dinicuiti.org\/wp-content\/uploads\/2025\/10\/tequio19-de-octubre-05-768x432.jpeg 768w, https:\/\/san-andres-dinicuiti.org\/wp-content\/uploads\/2025\/10\/tequio19-de-octubre-05.jpeg 1280w\" sizes=\"auto, (max-width: 1024px) 100vw, 1024px\" \/><\/figure>\n\n\n\n<p>Con motivo de las pr\u00f3ximas festividades de <strong>D\u00eda de Muertos<\/strong>, la <strong>Regidur\u00eda de Panteones<\/strong>, en coordinaci\u00f3n con el <strong>H. Ayuntamiento de San Andr\u00e9s Dinicuiti 2025\u20132027<\/strong>, llev\u00f3 a cabo un <strong>tequio comunitario en el pante\u00f3n municipal<\/strong>, con el objetivo de conservar en \u00f3ptimas condiciones este espacio de memoria y tradici\u00f3n.<\/p>\n\n\n\n<p>Durante la jornada se realizaron labores de <strong>limpieza de tumbas y pasillos, poda de \u00e1rboles, desyerbe, retiro de basura y mantenimiento general<\/strong>, logrando mejorar considerablemente la imagen del camposanto.<\/p>\n\n\n\n<p>En esta actividad participaron aproximadamente <strong>250 personas de la cabecera municipal<\/strong>, as\u00ed como ciudadanas y ciudadanos de la <strong>Agencia de Antonio de Le\u00f3n<\/strong>, quienes se sumaron con entusiasmo, compromiso y sentido de comunidad.<\/p>\n\n\n\n<p>El <strong>H. Ayuntamiento de San Andr\u00e9s Dinicuiti<\/strong> reconoce y agradece profundamente la participaci\u00f3n solidaria de todas y todos los que formaron parte de este esfuerzo colectivo, reafirmando que el <strong>trabajo en unidad<\/strong> es la base del progreso y la conservaci\u00f3n de nuestras costumbres.<\/p>\n\n\n\n<figure class=\"wp-block-image size-large\"><img loading=\"lazy\" decoding=\"async\" width=\"1024\" height=\"576\" src=\"https:\/\/san-andres-dinicuiti.org\/wp-content\/uploads\/2025\/10\/tequio19-de-octubre-07-1024x576.jpeg\" alt=\"\" class=\"wp-image-3645\" srcset=\"https:\/\/san-andres-dinicuiti.org\/wp-content\/uploads\/2025\/10\/tequio19-de-octubre-07-1024x576.jpeg 1024w, https:\/\/san-andres-dinicuiti.org\/wp-content\/uploads\/2025\/10\/tequio19-de-octubre-07-300x169.jpeg 300w, https:\/\/san-andres-dinicuiti.org\/wp-content\/uploads\/2025\/10\/tequio19-de-octubre-07-768x432.jpeg 768w, https:\/\/san-andres-dinicuiti.org\/wp-content\/uploads\/2025\/10\/tequio19-de-octubre-07.jpeg 1280w\" sizes=\"auto, (max-width: 1024px) 100vw, 1024px\" \/><\/figure>\n\n\n\n<p>El <strong>tequio<\/strong>, m\u00e1s que una acci\u00f3n de limpieza, representa la <strong>voluntad del pueblo por cuidar lo que nos pertenece y mantener vivas nuestras tradiciones<\/strong>. En estas fechas, en las que la comunidad se prepara para honrar a sus difuntos, se hace un llamado a la <strong>reflexi\u00f3n, al respeto y a la uni\u00f3n<\/strong>, recordando que el <strong>D\u00eda de Muertos<\/strong> es una celebraci\u00f3n que une corazones, generaciones y memorias.<\/p>\n\n\n\n<p>\ud83d\udc90 <em>En San Andr\u00e9s Dinicuiti, la vida y la tradici\u00f3n caminan juntas. Al cuidar nuestros espacios, tambi\u00e9n honramos nuestra historia y a quienes nos dieron vida.<\/em> \ud83d\udc90<\/p>\n\n\n\n<figure class=\"wp-block-image size-large\"><img loading=\"lazy\" decoding=\"async\" width=\"1024\" height=\"576\" src=\"https:\/\/san-andres-dinicuiti.org\/wp-content\/uploads\/2025\/10\/tequio19-de-octubre-06-1024x576.jpeg\" alt=\"\" class=\"wp-image-3646\" srcset=\"https:\/\/san-andres-dinicuiti.org\/wp-content\/uploads\/2025\/10\/tequio19-de-octubre-06-1024x576.jpeg 1024w, https:\/\/san-andres-dinicuiti.org\/wp-content\/uploads\/2025\/10\/tequio19-de-octubre-06-300x169.jpeg 300w, https:\/\/san-andres-dinicuiti.org\/wp-content\/uploads\/2025\/10\/tequio19-de-octubre-06-768x432.jpeg 768w, https:\/\/san-andres-dinicuiti.org\/wp-content\/uploads\/2025\/10\/tequio19-de-octubre-06.jpeg 1280w\" sizes=\"auto, (max-width: 1024px) 100vw, 1024px\" \/><\/figure>\n\n\n\n<p><\/p>\n","protected":false},"excerpt":{"rendered":"<p>Tequio en el Pante\u00f3n Municipal de San Andr\u00e9s Dinicuiti San Andr\u00e9s Dinicuiti, Oaxaca; 19 de octubre de 2025. Con motivo de las pr\u00f3ximas festividades de D\u00eda de Muertos, la Regidur\u00eda de Panteones, en coordinaci\u00f3n con el H. Ayuntamiento de San Andr\u00e9s Dinicuiti 2025\u20132027, llev\u00f3 a cabo un tequio comunitario en el pante\u00f3n municipal, con el [&hellip;]<\/p>\n","protected":false},"author":1,"featured_media":3644,"comment_status":"open","ping_status":"open","sticky":false,"template":"","format":"standard","meta":{"_gspb_post_css":"","footnotes":""},"categories":[26],"tags":[],"class_list":["post-3643","post","type-post","status-publish","format-standard","has-post-thumbnail","hentry","category-noticias"],"blocksy_meta":[],"_links":{"self":[{"href":"https:\/\/san-andres-dinicuiti.org\/hello-world\/wp-json\/wp\/v2\/posts\/3643","targetHints":{"allow":["GET"]}}],"collection":[{"href":"https:\/\/san-andres-dinicuiti.org\/hello-world\/wp-json\/wp\/v2\/posts"}],"about":[{"href":"https:\/\/san-andres-dinicuiti.org\/hello-world\/wp-json\/wp\/v2\/types\/post"}],"author":[{"embeddable":true,"href":"https:\/\/san-andres-dinicuiti.org\/hello-world\/wp-json\/wp\/v2\/users\/1"}],"replies":[{"embeddable":true,"href":"https:\/\/san-andres-dinicuiti.org\/hello-world\/wp-json\/wp\/v2\/comments?post=3643"}],"version-history":[{"count":4,"href":"https:\/\/san-andres-dinicuiti.org\/hello-world\/wp-json\/wp\/v2\/posts\/3643\/revisions"}],"predecessor-version":[{"id":3650,"href":"https:\/\/san-andres-dinicuiti.org\/hello-world\/wp-json\/wp\/v2\/posts\/3643\/revisions\/3650"}],"wp:featuredmedia":[{"embeddable":true,"href":"https:\/\/san-andres-dinicuiti.org\/hello-world\/wp-json\/wp\/v2\/media\/3644"}],"wp:attachment":[{"href":"https:\/\/san-andres-dinicuiti.org\/hello-world\/wp-json\/wp\/v2\/media?parent=3643"}],"wp:term":[{"taxonomy":"category","embeddable":true,"href":"https:\/\/san-andres-dinicuiti.org\/hello-world\/wp-json\/wp\/v2\/categories?post=3643"},{"taxonomy":"post_tag","embeddable":true,"href":"https:\/\/san-andres-dinicuiti.org\/hello-world\/wp-json\/wp\/v2\/tags?post=3643"}],"curies":[{"name":"wp","href":"https:\/\/api.w.org\/{rel}","templated":true}]}}