{"id":3652,"date":"2025-10-30T16:56:00","date_gmt":"2025-10-30T22:56:00","guid":{"rendered":"https:\/\/san-andres-dinicuiti.org\/hello-world\/?p=3652"},"modified":"2025-10-31T12:04:29","modified_gmt":"2025-10-31T18:04:29","slug":"san-andres-dinicuiti-honra-con-amor-y-respeto-a-quienes-viven-en-nuestra-memoria","status":"publish","type":"post","link":"https:\/\/san-andres-dinicuiti.org\/hello-world\/san-andres-dinicuiti-honra-con-amor-y-respeto-a-quienes-viven-en-nuestra-memoria\/","title":{"rendered":"San Andr\u00e9s Dinicuiti honra con amor y respeto a quienes viven en nuestra memoria"},"content":{"rendered":"\n<p>En el marco de la conmemoraci\u00f3n del <strong>D\u00eda de Muertos<\/strong>, el <strong>H. Ayuntamiento de San Andr\u00e9s Dinicuiti, administraci\u00f3n 2025\u20132027<\/strong>, se une a una de las tradiciones m\u00e1s representativas y significativas de nuestro pa\u00eds.<\/p>\n\n\n\n<figure class=\"wp-block-image aligncenter size-large is-resized\"><img loading=\"lazy\" decoding=\"async\" width=\"1024\" height=\"770\" src=\"https:\/\/san-andres-dinicuiti.org\/wp-content\/uploads\/2025\/10\/OFRENDAS-2025-03-1024x770.jpeg\" alt=\"\" class=\"wp-image-3653\" style=\"width:554px;height:auto\" srcset=\"https:\/\/san-andres-dinicuiti.org\/wp-content\/uploads\/2025\/10\/OFRENDAS-2025-03-1024x770.jpeg 1024w, https:\/\/san-andres-dinicuiti.org\/wp-content\/uploads\/2025\/10\/OFRENDAS-2025-03-300x226.jpeg 300w, https:\/\/san-andres-dinicuiti.org\/wp-content\/uploads\/2025\/10\/OFRENDAS-2025-03-768x578.jpeg 768w, https:\/\/san-andres-dinicuiti.org\/wp-content\/uploads\/2025\/10\/OFRENDAS-2025-03.jpeg 1280w\" sizes=\"auto, (max-width: 1024px) 100vw, 1024px\" \/><\/figure>\n\n\n\n<p>El D\u00eda de Muertos es un momento de profunda conexi\u00f3n entre el pasado y el presente, donde las familias se re\u00fanen para recordar con cari\u00f1o a quienes partieron, pero que contin\u00faan vivos en el coraz\u00f3n de su gente. En cada flor de cempas\u00fachil, en cada vela encendida y en cada ofrenda, se encuentra el s\u00edmbolo del amor, la memoria y la esperanza.<\/p>\n\n\n\n<p>En <strong>San Andr\u00e9s Dinicuiti<\/strong>, las calles y hogares se llenan de color, aroma y sentimiento. Las catrinas, los altares y las ofrendas rinden homenaje a nuestros seres queridos, record\u00e1ndonos que la muerte no es el final, sino una manera distinta de permanecer.<\/p>\n\n\n\n<figure class=\"wp-block-image aligncenter size-large is-resized\"><img loading=\"lazy\" decoding=\"async\" width=\"1024\" height=\"770\" src=\"https:\/\/san-andres-dinicuiti.org\/wp-content\/uploads\/2025\/10\/OFRENDAS-2025-09-1024x770.jpeg\" alt=\"\" class=\"wp-image-3654\" style=\"width:530px;height:auto\" srcset=\"https:\/\/san-andres-dinicuiti.org\/wp-content\/uploads\/2025\/10\/OFRENDAS-2025-09-1024x770.jpeg 1024w, https:\/\/san-andres-dinicuiti.org\/wp-content\/uploads\/2025\/10\/OFRENDAS-2025-09-300x226.jpeg 300w, https:\/\/san-andres-dinicuiti.org\/wp-content\/uploads\/2025\/10\/OFRENDAS-2025-09-768x578.jpeg 768w, https:\/\/san-andres-dinicuiti.org\/wp-content\/uploads\/2025\/10\/OFRENDAS-2025-09.jpeg 1280w\" sizes=\"auto, (max-width: 1024px) 100vw, 1024px\" \/><\/figure>\n\n\n\n<p>El Gobierno Municipal reconoce la importancia de preservar nuestras <strong>ra\u00edces culturales y tradiciones ancestrales<\/strong>, las cuales nos identifican como pueblo mixteco lleno de historia, orgullo y unidad.<\/p>\n\n\n\n<p>A trav\u00e9s de estas celebraciones, <strong>hacemos un llamado a la paz, la uni\u00f3n y el respeto<\/strong>, valores que fortalecen a nuestra comunidad y nos permiten seguir caminando juntos por el bienestar y el progreso de Dinicuiti.<\/p>\n\n\n\n<figure class=\"wp-block-image aligncenter size-large is-resized\"><img loading=\"lazy\" decoding=\"async\" width=\"1024\" height=\"770\" src=\"https:\/\/san-andres-dinicuiti.org\/wp-content\/uploads\/2025\/10\/OFRENDAS-2025-01-1024x770.jpeg\" alt=\"\" class=\"wp-image-3655\" style=\"width:547px;height:auto\" srcset=\"https:\/\/san-andres-dinicuiti.org\/wp-content\/uploads\/2025\/10\/OFRENDAS-2025-01-1024x770.jpeg 1024w, https:\/\/san-andres-dinicuiti.org\/wp-content\/uploads\/2025\/10\/OFRENDAS-2025-01-300x226.jpeg 300w, https:\/\/san-andres-dinicuiti.org\/wp-content\/uploads\/2025\/10\/OFRENDAS-2025-01-768x578.jpeg 768w, https:\/\/san-andres-dinicuiti.org\/wp-content\/uploads\/2025\/10\/OFRENDAS-2025-01.jpeg 1280w\" sizes=\"auto, (max-width: 1024px) 100vw, 1024px\" \/><\/figure>\n","protected":false},"excerpt":{"rendered":"<p>En el marco de la conmemoraci\u00f3n del D\u00eda de Muertos, el H. Ayuntamiento de San Andr\u00e9s Dinicuiti, administraci\u00f3n 2025\u20132027, se une a una de las tradiciones m\u00e1s representativas y significativas de nuestro pa\u00eds. El D\u00eda de Muertos es un momento de profunda conexi\u00f3n entre el pasado y el presente, donde las familias se re\u00fanen para [&hellip;]<\/p>\n","protected":false},"author":1,"featured_media":3656,"comment_status":"open","ping_status":"open","sticky":false,"template":"","format":"standard","meta":{"_gspb_post_css":"","footnotes":""},"categories":[26],"tags":[],"class_list":["post-3652","post","type-post","status-publish","format-standard","has-post-thumbnail","hentry","category-noticias"],"blocksy_meta":[],"_links":{"self":[{"href":"https:\/\/san-andres-dinicuiti.org\/hello-world\/wp-json\/wp\/v2\/posts\/3652","targetHints":{"allow":["GET"]}}],"collection":[{"href":"https:\/\/san-andres-dinicuiti.org\/hello-world\/wp-json\/wp\/v2\/posts"}],"about":[{"href":"https:\/\/san-andres-dinicuiti.org\/hello-world\/wp-json\/wp\/v2\/types\/post"}],"author":[{"embeddable":true,"href":"https:\/\/san-andres-dinicuiti.org\/hello-world\/wp-json\/wp\/v2\/users\/1"}],"replies":[{"embeddable":true,"href":"https:\/\/san-andres-dinicuiti.org\/hello-world\/wp-json\/wp\/v2\/comments?post=3652"}],"version-history":[{"count":1,"href":"https:\/\/san-andres-dinicuiti.org\/hello-world\/wp-json\/wp\/v2\/posts\/3652\/revisions"}],"predecessor-version":[{"id":3657,"href":"https:\/\/san-andres-dinicuiti.org\/hello-world\/wp-json\/wp\/v2\/posts\/3652\/revisions\/3657"}],"wp:featuredmedia":[{"embeddable":true,"href":"https:\/\/san-andres-dinicuiti.org\/hello-world\/wp-json\/wp\/v2\/media\/3656"}],"wp:attachment":[{"href":"https:\/\/san-andres-dinicuiti.org\/hello-world\/wp-json\/wp\/v2\/media?parent=3652"}],"wp:term":[{"taxonomy":"category","embeddable":true,"href":"https:\/\/san-andres-dinicuiti.org\/hello-world\/wp-json\/wp\/v2\/categories?post=3652"},{"taxonomy":"post_tag","embeddable":true,"href":"https:\/\/san-andres-dinicuiti.org\/hello-world\/wp-json\/wp\/v2\/tags?post=3652"}],"curies":[{"name":"wp","href":"https:\/\/api.w.org\/{rel}","templated":true}]}}