{"id":3658,"date":"2025-11-28T00:34:58","date_gmt":"2025-11-28T06:34:58","guid":{"rendered":"https:\/\/san-andres-dinicuiti.org\/hello-world\/?p=3658"},"modified":"2025-12-16T00:40:11","modified_gmt":"2025-12-16T06:40:11","slug":"san-andres-dinicuiti-vive-con-fe-y-tradicion-las-actividades-previas-a-la-fiesta-patronal-en-honor-a-san-andres-apostol","status":"publish","type":"post","link":"https:\/\/san-andres-dinicuiti.org\/hello-world\/san-andres-dinicuiti-vive-con-fe-y-tradicion-las-actividades-previas-a-la-fiesta-patronal-en-honor-a-san-andres-apostol\/","title":{"rendered":"San Andr\u00e9s Dinicuiti vive con fe y tradici\u00f3n las actividades previas a la Fiesta Patronal en honor a San Andr\u00e9s Ap\u00f3stol"},"content":{"rendered":"\n<p>El H. Ayuntamiento de <strong>San Andr\u00e9s Dinicuiti<\/strong> informa a la ciudadan\u00eda que, como parte de las actividades previas a la <strong>Fiesta Patronal en honor a San Andr\u00e9s Ap\u00f3stol<\/strong>, se llevaron a cabo diversos actos religiosos y comunitarios que reflejan la profunda fe, organizaci\u00f3n y participaci\u00f3n de nuestro pueblo.<\/p>\n\n\n\n<figure class=\"wp-block-image aligncenter size-large is-resized\"><img loading=\"lazy\" decoding=\"async\" width=\"1024\" height=\"771\" src=\"https:\/\/san-andres-dinicuiti.org\/wp-content\/uploads\/2025\/12\/28-DE-NOVIEMBRE-01-1024x771.jpg\" alt=\"\" class=\"wp-image-3660\" style=\"width:530px;height:auto\" srcset=\"https:\/\/san-andres-dinicuiti.org\/wp-content\/uploads\/2025\/12\/28-DE-NOVIEMBRE-01-1024x771.jpg 1024w, https:\/\/san-andres-dinicuiti.org\/wp-content\/uploads\/2025\/12\/28-DE-NOVIEMBRE-01-300x226.jpg 300w, https:\/\/san-andres-dinicuiti.org\/wp-content\/uploads\/2025\/12\/28-DE-NOVIEMBRE-01-768x578.jpg 768w, https:\/\/san-andres-dinicuiti.org\/wp-content\/uploads\/2025\/12\/28-DE-NOVIEMBRE-01-1536x1157.jpg 1536w, https:\/\/san-andres-dinicuiti.org\/wp-content\/uploads\/2025\/12\/28-DE-NOVIEMBRE-01.jpg 2048w\" sizes=\"auto, (max-width: 1024px) 100vw, 1024px\" \/><\/figure>\n\n\n\n<p>Durante estas jornadas, habitantes del municipio y comunidades cercanas se dieron cita para acompa\u00f1ar con devoci\u00f3n las actividades programadas, destacando la asistencia de familias completas, feligreses y paisanos que se sumaron a esta importante tradici\u00f3n. Las calles de San Andr\u00e9s Dinicuiti se llenaron de vida, m\u00fasica, color y expresiones de fe que fortalecen nuestra identidad cultural.<\/p>\n\n\n\n<p>Estas acciones no solo reafirman el compromiso religioso de la comunidad, sino que tambi\u00e9n promueven la <strong>convivencia, la uni\u00f3n y la hermandad entre los pueblos<\/strong>, valores fundamentales que distinguen a nuestro municipio.<\/p>\n\n\n\n<figure class=\"wp-block-image aligncenter size-large is-resized\"><img loading=\"lazy\" decoding=\"async\" width=\"1024\" height=\"771\" src=\"https:\/\/san-andres-dinicuiti.org\/wp-content\/uploads\/2025\/12\/28-DE-NOVIEMBRE-03-1024x771.jpg\" alt=\"\" class=\"wp-image-3661\" style=\"width:545px;height:auto\" srcset=\"https:\/\/san-andres-dinicuiti.org\/wp-content\/uploads\/2025\/12\/28-DE-NOVIEMBRE-03-1024x771.jpg 1024w, https:\/\/san-andres-dinicuiti.org\/wp-content\/uploads\/2025\/12\/28-DE-NOVIEMBRE-03-300x226.jpg 300w, https:\/\/san-andres-dinicuiti.org\/wp-content\/uploads\/2025\/12\/28-DE-NOVIEMBRE-03-768x578.jpg 768w, https:\/\/san-andres-dinicuiti.org\/wp-content\/uploads\/2025\/12\/28-DE-NOVIEMBRE-03-1536x1157.jpg 1536w, https:\/\/san-andres-dinicuiti.org\/wp-content\/uploads\/2025\/12\/28-DE-NOVIEMBRE-03.jpg 2048w\" sizes=\"auto, (max-width: 1024px) 100vw, 1024px\" \/><\/figure>\n\n\n\n<p>El Gobierno Municipal reconoce y agradece la participaci\u00f3n de la ciudadan\u00eda, as\u00ed como el esfuerzo de los comit\u00e9s, mayordom\u00edas y personas que colaboran de manera activa para mantener vivas nuestras tradiciones.<\/p>\n\n\n\n<p>Seguiremos informando a la poblaci\u00f3n sobre las actividades que se desarrollar\u00e1n durante la <strong>Fiesta Patronal 2025<\/strong>, invitando a todas y todos a participar de manera respetuosa y ordenada.<\/p>\n\n\n\n<figure class=\"wp-block-image aligncenter size-large is-resized\"><img loading=\"lazy\" decoding=\"async\" width=\"1024\" height=\"771\" src=\"https:\/\/san-andres-dinicuiti.org\/wp-content\/uploads\/2025\/12\/28-DE-NOVIEMBRE-04-1024x771.jpg\" alt=\"\" class=\"wp-image-3659\" style=\"width:525px;height:auto\" srcset=\"https:\/\/san-andres-dinicuiti.org\/wp-content\/uploads\/2025\/12\/28-DE-NOVIEMBRE-04-1024x771.jpg 1024w, https:\/\/san-andres-dinicuiti.org\/wp-content\/uploads\/2025\/12\/28-DE-NOVIEMBRE-04-300x226.jpg 300w, https:\/\/san-andres-dinicuiti.org\/wp-content\/uploads\/2025\/12\/28-DE-NOVIEMBRE-04-768x578.jpg 768w, https:\/\/san-andres-dinicuiti.org\/wp-content\/uploads\/2025\/12\/28-DE-NOVIEMBRE-04-1536x1157.jpg 1536w, https:\/\/san-andres-dinicuiti.org\/wp-content\/uploads\/2025\/12\/28-DE-NOVIEMBRE-04.jpg 2048w\" sizes=\"auto, (max-width: 1024px) 100vw, 1024px\" \/><\/figure>\n","protected":false},"excerpt":{"rendered":"<p>El H. Ayuntamiento de San Andr\u00e9s Dinicuiti informa a la ciudadan\u00eda que, como parte de las actividades previas a la Fiesta Patronal en honor a San Andr\u00e9s Ap\u00f3stol, se llevaron a cabo diversos actos religiosos y comunitarios que reflejan la profunda fe, organizaci\u00f3n y participaci\u00f3n de nuestro pueblo. Durante estas jornadas, habitantes del municipio y [&hellip;]<\/p>\n","protected":false},"author":1,"featured_media":3662,"comment_status":"open","ping_status":"open","sticky":false,"template":"","format":"standard","meta":{"_gspb_post_css":"","footnotes":""},"categories":[26],"tags":[],"class_list":["post-3658","post","type-post","status-publish","format-standard","has-post-thumbnail","hentry","category-noticias"],"blocksy_meta":[],"_links":{"self":[{"href":"https:\/\/san-andres-dinicuiti.org\/hello-world\/wp-json\/wp\/v2\/posts\/3658","targetHints":{"allow":["GET"]}}],"collection":[{"href":"https:\/\/san-andres-dinicuiti.org\/hello-world\/wp-json\/wp\/v2\/posts"}],"about":[{"href":"https:\/\/san-andres-dinicuiti.org\/hello-world\/wp-json\/wp\/v2\/types\/post"}],"author":[{"embeddable":true,"href":"https:\/\/san-andres-dinicuiti.org\/hello-world\/wp-json\/wp\/v2\/users\/1"}],"replies":[{"embeddable":true,"href":"https:\/\/san-andres-dinicuiti.org\/hello-world\/wp-json\/wp\/v2\/comments?post=3658"}],"version-history":[{"count":1,"href":"https:\/\/san-andres-dinicuiti.org\/hello-world\/wp-json\/wp\/v2\/posts\/3658\/revisions"}],"predecessor-version":[{"id":3663,"href":"https:\/\/san-andres-dinicuiti.org\/hello-world\/wp-json\/wp\/v2\/posts\/3658\/revisions\/3663"}],"wp:featuredmedia":[{"embeddable":true,"href":"https:\/\/san-andres-dinicuiti.org\/hello-world\/wp-json\/wp\/v2\/media\/3662"}],"wp:attachment":[{"href":"https:\/\/san-andres-dinicuiti.org\/hello-world\/wp-json\/wp\/v2\/media?parent=3658"}],"wp:term":[{"taxonomy":"category","embeddable":true,"href":"https:\/\/san-andres-dinicuiti.org\/hello-world\/wp-json\/wp\/v2\/categories?post=3658"},{"taxonomy":"post_tag","embeddable":true,"href":"https:\/\/san-andres-dinicuiti.org\/hello-world\/wp-json\/wp\/v2\/tags?post=3658"}],"curies":[{"name":"wp","href":"https:\/\/api.w.org\/{rel}","templated":true}]}}