{"id":3665,"date":"2025-11-29T12:41:00","date_gmt":"2025-11-29T18:41:00","guid":{"rendered":"https:\/\/san-andres-dinicuiti.org\/hello-world\/?p=3665"},"modified":"2025-12-16T00:56:14","modified_gmt":"2025-12-16T06:56:14","slug":"san-andres-dinicuiti-vive-con-musica-tradicion-y-hermandad-su-fiesta-patronal-en-honor-a-san-andres-apostol","status":"publish","type":"post","link":"https:\/\/san-andres-dinicuiti.org\/hello-world\/san-andres-dinicuiti-vive-con-musica-tradicion-y-hermandad-su-fiesta-patronal-en-honor-a-san-andres-apostol\/","title":{"rendered":"San Andr\u00e9s Dinicuiti vive con m\u00fasica, tradici\u00f3n y hermandad su Fiesta Patronal en honor a San Andr\u00e9s Ap\u00f3stol"},"content":{"rendered":"\n<p>El municipio de <strong>San Andr\u00e9s Dinicuiti<\/strong> se encuentra celebrando con gran entusiasmo su <strong>Fiesta Patronal en honor a San Andr\u00e9s Ap\u00f3stol<\/strong>, una de las festividades m\u00e1s representativas y significativas para nuestra comunidad, en la que se conjugan la fe, la tradici\u00f3n, la cultura y la convivencia entre los pueblos.<\/p>\n\n\n\n<figure class=\"wp-block-image aligncenter size-large is-resized\"><img loading=\"lazy\" decoding=\"async\" width=\"1024\" height=\"771\" src=\"https:\/\/san-andres-dinicuiti.org\/wp-content\/uploads\/2025\/12\/29-DE-NOVIEMBRE-04-1024x771.jpg\" alt=\"\" class=\"wp-image-3666\" style=\"width:496px;height:auto\" srcset=\"https:\/\/san-andres-dinicuiti.org\/wp-content\/uploads\/2025\/12\/29-DE-NOVIEMBRE-04-1024x771.jpg 1024w, https:\/\/san-andres-dinicuiti.org\/wp-content\/uploads\/2025\/12\/29-DE-NOVIEMBRE-04-300x226.jpg 300w, https:\/\/san-andres-dinicuiti.org\/wp-content\/uploads\/2025\/12\/29-DE-NOVIEMBRE-04-768x578.jpg 768w, https:\/\/san-andres-dinicuiti.org\/wp-content\/uploads\/2025\/12\/29-DE-NOVIEMBRE-04-1536x1157.jpg 1536w, https:\/\/san-andres-dinicuiti.org\/wp-content\/uploads\/2025\/12\/29-DE-NOVIEMBRE-04.jpg 2048w\" sizes=\"auto, (max-width: 1024px) 100vw, 1024px\" \/><\/figure>\n\n\n\n<p>Durante el desarrollo de estas actividades, nuestro pueblo se ha llenado de <strong>m\u00fasica, alegr\u00eda y un profundo sentido de hermandad<\/strong>, reflejando el orgullo de nuestras ra\u00edces y la identidad que nos distingue como comunidad. La participaci\u00f3n activa de la ciudadan\u00eda ha sido fundamental para el \u00e9xito de esta celebraci\u00f3n, convirtiendo cada espacio p\u00fablico en un punto de encuentro familiar y comunitario.<\/p>\n\n\n\n<p>En este marco festivo, el <strong>H. Ayuntamiento de San Andr\u00e9s Dinicuiti<\/strong>, en coordinaci\u00f3n con el <strong>Comisariado de Bienes Comunales<\/strong>, el <strong>Consejo de Vigilancia<\/strong> y la <strong>Comandancia Municipal<\/strong>, ha participado de manera conjunta en el recibimiento de destacadas bandas musicales, fortaleciendo as\u00ed las tradiciones que han sido transmitidas de generaci\u00f3n en generaci\u00f3n.<\/p>\n\n\n\n<figure class=\"wp-block-image aligncenter size-large is-resized\"><img loading=\"lazy\" decoding=\"async\" width=\"1024\" height=\"771\" src=\"https:\/\/san-andres-dinicuiti.org\/wp-content\/uploads\/2025\/12\/29-DE-NOVIEMBRE-05-1024x771.jpg\" alt=\"\" class=\"wp-image-3667\" style=\"width:567px;height:auto\" srcset=\"https:\/\/san-andres-dinicuiti.org\/wp-content\/uploads\/2025\/12\/29-DE-NOVIEMBRE-05-1024x771.jpg 1024w, https:\/\/san-andres-dinicuiti.org\/wp-content\/uploads\/2025\/12\/29-DE-NOVIEMBRE-05-300x226.jpg 300w, https:\/\/san-andres-dinicuiti.org\/wp-content\/uploads\/2025\/12\/29-DE-NOVIEMBRE-05-768x578.jpg 768w, https:\/\/san-andres-dinicuiti.org\/wp-content\/uploads\/2025\/12\/29-DE-NOVIEMBRE-05-1536x1157.jpg 1536w, https:\/\/san-andres-dinicuiti.org\/wp-content\/uploads\/2025\/12\/29-DE-NOVIEMBRE-05.jpg 2048w\" sizes=\"auto, (max-width: 1024px) 100vw, 1024px\" \/><\/figure>\n\n\n\n<p>En esta ocasi\u00f3n, nos acompa\u00f1aron con su talento y entusiasmo:<br>\ud83c\udfba <strong>La Consentida Rancho Alegre<\/strong><br>\ud83c\udfba <strong>La Tremend\u00edsima Banda Aires<\/strong><br>ambas orgullosamente originarias de <strong>Tamazul\u00e1pam<\/strong>, quienes con su m\u00fasica dieron realce a esta importante celebraci\u00f3n, animando a la poblaci\u00f3n y creando un ambiente de sana convivencia y alegr\u00eda colectiva.<\/p>\n\n\n\n<p>Estas acciones se realizan con dedicaci\u00f3n y cari\u00f1o, con el firme prop\u00f3sito de <strong>engrandecer la Fiesta Patronal de San Andr\u00e9s Ap\u00f3stol<\/strong>, reconociendo la importancia que tiene para fortalecer los lazos comunitarios, promover la cultura regional y honrar a nuestro santo patrono, s\u00edmbolo de fe y unidad para el pueblo de San Andr\u00e9s Dinicuiti.<\/p>\n\n\n\n<figure class=\"wp-block-image aligncenter size-large is-resized\"><img loading=\"lazy\" decoding=\"async\" width=\"1024\" height=\"771\" src=\"https:\/\/san-andres-dinicuiti.org\/wp-content\/uploads\/2025\/12\/29-DE-NOVIEMBRE-01-1024x771.jpg\" alt=\"\" class=\"wp-image-3668\" style=\"width:575px;height:auto\" srcset=\"https:\/\/san-andres-dinicuiti.org\/wp-content\/uploads\/2025\/12\/29-DE-NOVIEMBRE-01-1024x771.jpg 1024w, https:\/\/san-andres-dinicuiti.org\/wp-content\/uploads\/2025\/12\/29-DE-NOVIEMBRE-01-300x226.jpg 300w, https:\/\/san-andres-dinicuiti.org\/wp-content\/uploads\/2025\/12\/29-DE-NOVIEMBRE-01-768x578.jpg 768w, https:\/\/san-andres-dinicuiti.org\/wp-content\/uploads\/2025\/12\/29-DE-NOVIEMBRE-01-1536x1157.jpg 1536w, https:\/\/san-andres-dinicuiti.org\/wp-content\/uploads\/2025\/12\/29-DE-NOVIEMBRE-01.jpg 2048w\" sizes=\"auto, (max-width: 1024px) 100vw, 1024px\" \/><\/figure>\n\n\n\n<p>El Gobierno Municipal agradece de manera especial la participaci\u00f3n de las bandas invitadas, de las autoridades auxiliares, de los comit\u00e9s organizadores y, sobre todo, de la ciudadan\u00eda que se suma con respeto y entusiasmo a cada una de las actividades programadas.<\/p>\n\n\n\n<p>Reiteramos la invitaci\u00f3n a todas y todos a seguir siendo parte de esta celebraci\u00f3n que nos une, nos llena de vida y reafirma nuestro compromiso con nuestras tradiciones y valores comunitarios.<\/p>\n\n\n\n<p><strong>\u00a1San Andr\u00e9s Dinicuiti est\u00e1 de fiesta!<\/strong><\/p>\n\n\n\n<figure class=\"wp-block-image aligncenter size-large is-resized\"><img loading=\"lazy\" decoding=\"async\" width=\"1024\" height=\"771\" src=\"https:\/\/san-andres-dinicuiti.org\/wp-content\/uploads\/2025\/12\/29-DE-NOVIEMBRE-03-1024x771.jpg\" alt=\"\" class=\"wp-image-3669\" style=\"width:576px;height:auto\" srcset=\"https:\/\/san-andres-dinicuiti.org\/wp-content\/uploads\/2025\/12\/29-DE-NOVIEMBRE-03-1024x771.jpg 1024w, https:\/\/san-andres-dinicuiti.org\/wp-content\/uploads\/2025\/12\/29-DE-NOVIEMBRE-03-300x226.jpg 300w, https:\/\/san-andres-dinicuiti.org\/wp-content\/uploads\/2025\/12\/29-DE-NOVIEMBRE-03-768x578.jpg 768w, https:\/\/san-andres-dinicuiti.org\/wp-content\/uploads\/2025\/12\/29-DE-NOVIEMBRE-03-1536x1157.jpg 1536w, https:\/\/san-andres-dinicuiti.org\/wp-content\/uploads\/2025\/12\/29-DE-NOVIEMBRE-03.jpg 2048w\" sizes=\"auto, (max-width: 1024px) 100vw, 1024px\" \/><\/figure>\n","protected":false},"excerpt":{"rendered":"<p>El municipio de San Andr\u00e9s Dinicuiti se encuentra celebrando con gran entusiasmo su Fiesta Patronal en honor a San Andr\u00e9s Ap\u00f3stol, una de las festividades m\u00e1s representativas y significativas para nuestra comunidad, en la que se conjugan la fe, la tradici\u00f3n, la cultura y la convivencia entre los pueblos. Durante el desarrollo de estas actividades, [&hellip;]<\/p>\n","protected":false},"author":1,"featured_media":3670,"comment_status":"open","ping_status":"open","sticky":false,"template":"","format":"standard","meta":{"_gspb_post_css":"","footnotes":""},"categories":[26],"tags":[],"class_list":["post-3665","post","type-post","status-publish","format-standard","has-post-thumbnail","hentry","category-noticias"],"blocksy_meta":[],"_links":{"self":[{"href":"https:\/\/san-andres-dinicuiti.org\/hello-world\/wp-json\/wp\/v2\/posts\/3665","targetHints":{"allow":["GET"]}}],"collection":[{"href":"https:\/\/san-andres-dinicuiti.org\/hello-world\/wp-json\/wp\/v2\/posts"}],"about":[{"href":"https:\/\/san-andres-dinicuiti.org\/hello-world\/wp-json\/wp\/v2\/types\/post"}],"author":[{"embeddable":true,"href":"https:\/\/san-andres-dinicuiti.org\/hello-world\/wp-json\/wp\/v2\/users\/1"}],"replies":[{"embeddable":true,"href":"https:\/\/san-andres-dinicuiti.org\/hello-world\/wp-json\/wp\/v2\/comments?post=3665"}],"version-history":[{"count":1,"href":"https:\/\/san-andres-dinicuiti.org\/hello-world\/wp-json\/wp\/v2\/posts\/3665\/revisions"}],"predecessor-version":[{"id":3671,"href":"https:\/\/san-andres-dinicuiti.org\/hello-world\/wp-json\/wp\/v2\/posts\/3665\/revisions\/3671"}],"wp:featuredmedia":[{"embeddable":true,"href":"https:\/\/san-andres-dinicuiti.org\/hello-world\/wp-json\/wp\/v2\/media\/3670"}],"wp:attachment":[{"href":"https:\/\/san-andres-dinicuiti.org\/hello-world\/wp-json\/wp\/v2\/media?parent=3665"}],"wp:term":[{"taxonomy":"category","embeddable":true,"href":"https:\/\/san-andres-dinicuiti.org\/hello-world\/wp-json\/wp\/v2\/categories?post=3665"},{"taxonomy":"post_tag","embeddable":true,"href":"https:\/\/san-andres-dinicuiti.org\/hello-world\/wp-json\/wp\/v2\/tags?post=3665"}],"curies":[{"name":"wp","href":"https:\/\/api.w.org\/{rel}","templated":true}]}}