{"id":3672,"date":"2025-11-29T18:05:00","date_gmt":"2025-11-30T00:05:00","guid":{"rendered":"https:\/\/san-andres-dinicuiti.org\/hello-world\/?p=3672"},"modified":"2025-12-16T01:16:42","modified_gmt":"2025-12-16T07:16:42","slug":"la-tradicion-sigue-viva-las-madrinas-de-calenda-llenan-de-identidad-y-alegria-la-fiesta-patronal-de-san-andres-dinicuiti","status":"publish","type":"post","link":"https:\/\/san-andres-dinicuiti.org\/hello-world\/la-tradicion-sigue-viva-las-madrinas-de-calenda-llenan-de-identidad-y-alegria-la-fiesta-patronal-de-san-andres-dinicuiti\/","title":{"rendered":"La tradici\u00f3n sigue viva: las madrinas de calenda llenan de identidad y alegr\u00eda la Fiesta Patronal de San Andr\u00e9s Dinicuiti"},"content":{"rendered":"\n<p>La <strong>Fiesta Patronal en honor a San Andr\u00e9s Ap\u00f3stol<\/strong> contin\u00faa desarroll\u00e1ndose en el municipio de <strong>San Andr\u00e9s Dinicuiti<\/strong> con una energ\u00eda especial que se siente en cada calle, en cada nota musical y en cada paso de baile. Son d\u00edas en los que el pueblo se transforma en un espacio de encuentro, donde la fe, la cultura y la convivencia comunitaria se entrelazan para dar vida a una de las celebraciones m\u00e1s importantes de nuestra identidad.<\/p>\n\n\n\n<figure class=\"wp-block-image aligncenter size-large is-resized\"><img loading=\"lazy\" decoding=\"async\" width=\"1024\" height=\"581\" src=\"https:\/\/san-andres-dinicuiti.org\/wp-content\/uploads\/2025\/12\/2-1024x581.png\" alt=\"\" class=\"wp-image-3674\" style=\"width:519px;height:auto\" srcset=\"https:\/\/san-andres-dinicuiti.org\/wp-content\/uploads\/2025\/12\/2-1024x581.png 1024w, https:\/\/san-andres-dinicuiti.org\/wp-content\/uploads\/2025\/12\/2-300x170.png 300w, https:\/\/san-andres-dinicuiti.org\/wp-content\/uploads\/2025\/12\/2-768x436.png 768w, https:\/\/san-andres-dinicuiti.org\/wp-content\/uploads\/2025\/12\/2.png 1268w\" sizes=\"auto, (max-width: 1024px) 100vw, 1024px\" \/><\/figure>\n\n\n\n<p>En este ambiente de j\u00fabilo, la presencia de las <strong>madrinas de calenda<\/strong> ha sido un elemento central de la festividad. Ataviadas con trajes tradicionales llenos de color y movimiento, su participaci\u00f3n no solo embellece la celebraci\u00f3n, sino que representa una manifestaci\u00f3n viva de nuestras ra\u00edces culturales. Cada baile, cada giro y cada sonrisa transmiten el orgullo de pertenecer a esta tierra y el compromiso de preservar las costumbres heredadas de generaci\u00f3n en generaci\u00f3n.<\/p>\n\n\n\n<p>Las calendas, m\u00e1s que un recorrido festivo, son una expresi\u00f3n colectiva de identidad. En ellas se refleja la historia de un pueblo que celebra unido, que reconoce en sus tradiciones un puente entre el pasado y el presente. Las madrinas, acompa\u00f1adas por m\u00fasica y el entusiasmo de la comunidad, convierten estos momentos en s\u00edmbolos de paz, unidad y hermandad, valores que fortalecen el tejido social de San Andr\u00e9s Dinicuiti.<\/p>\n\n\n\n<p>Durante estas jornadas, vecinas y vecinos se re\u00fanen para compartir la alegr\u00eda de la fiesta, reafirmando que nuestras costumbres siguen latiendo con fuerza gracias a la participaci\u00f3n activa de la ciudadan\u00eda. La presencia de familias completas, j\u00f3venes, adultos mayores y visitantes de comunidades cercanas demuestra que la fiesta patronal es un espacio de convivencia que trasciende generaciones y fronteras.<\/p>\n\n\n\n<p>El <strong>H. Ayuntamiento de San Andr\u00e9s Dinicuiti<\/strong> reconoce y agradece profundamente a todas las personas que hacen posible esta celebraci\u00f3n: a quienes participan en la organizaci\u00f3n, a las madrinas de calenda, a los m\u00fasicos y, sobre todo, a la comunidad que con entusiasmo y respeto mantiene viva esta tradici\u00f3n que nos define.<\/p>\n\n\n\n<p>La Fiesta Patronal contin\u00faa, y con ella la oportunidad de reencontrarnos como pueblo, de celebrar nuestra identidad y de rendir homenaje a <strong>San Andr\u00e9s Ap\u00f3stol<\/strong>, s\u00edmbolo de fe y unidad para San Andr\u00e9s Dinicuiti.<\/p>\n\n\n\n<p>Porque cuando <strong>San Andr\u00e9s celebra<\/strong>, no solo hay fiesta:<br><strong>hay cultura, hay historia y hay comunidad que se celebra en grande<\/strong>.<\/p>\n\n\n\n<figure class=\"wp-block-image aligncenter size-large is-resized\"><img loading=\"lazy\" decoding=\"async\" width=\"1268\" height=\"720\" src=\"https:\/\/san-andres-dinicuiti.org\/wp-content\/uploads\/2025\/12\/1-1024x581.png\" alt=\"\" class=\"wp-image-3673\" style=\"width:501px;height:auto\" srcset=\"https:\/\/san-andres-dinicuiti.org\/wp-content\/uploads\/2025\/12\/1-1024x581.png 1024w, https:\/\/san-andres-dinicuiti.org\/wp-content\/uploads\/2025\/12\/1-300x170.png 300w, https:\/\/san-andres-dinicuiti.org\/wp-content\/uploads\/2025\/12\/1-768x436.png 768w, https:\/\/san-andres-dinicuiti.org\/wp-content\/uploads\/2025\/12\/1.png 1268w\" sizes=\"auto, (max-width: 1268px) 100vw, 1268px\" \/><\/figure>\n","protected":false},"excerpt":{"rendered":"<p>La Fiesta Patronal en honor a San Andr\u00e9s Ap\u00f3stol contin\u00faa desarroll\u00e1ndose en el municipio de San Andr\u00e9s Dinicuiti con una energ\u00eda especial que se siente en cada calle, en cada nota musical y en cada paso de baile. Son d\u00edas en los que el pueblo se transforma en un espacio de encuentro, donde la fe, [&hellip;]<\/p>\n","protected":false},"author":1,"featured_media":3673,"comment_status":"open","ping_status":"open","sticky":false,"template":"","format":"standard","meta":{"_gspb_post_css":"","footnotes":""},"categories":[26],"tags":[],"class_list":["post-3672","post","type-post","status-publish","format-standard","has-post-thumbnail","hentry","category-noticias"],"blocksy_meta":[],"_links":{"self":[{"href":"https:\/\/san-andres-dinicuiti.org\/hello-world\/wp-json\/wp\/v2\/posts\/3672","targetHints":{"allow":["GET"]}}],"collection":[{"href":"https:\/\/san-andres-dinicuiti.org\/hello-world\/wp-json\/wp\/v2\/posts"}],"about":[{"href":"https:\/\/san-andres-dinicuiti.org\/hello-world\/wp-json\/wp\/v2\/types\/post"}],"author":[{"embeddable":true,"href":"https:\/\/san-andres-dinicuiti.org\/hello-world\/wp-json\/wp\/v2\/users\/1"}],"replies":[{"embeddable":true,"href":"https:\/\/san-andres-dinicuiti.org\/hello-world\/wp-json\/wp\/v2\/comments?post=3672"}],"version-history":[{"count":1,"href":"https:\/\/san-andres-dinicuiti.org\/hello-world\/wp-json\/wp\/v2\/posts\/3672\/revisions"}],"predecessor-version":[{"id":3676,"href":"https:\/\/san-andres-dinicuiti.org\/hello-world\/wp-json\/wp\/v2\/posts\/3672\/revisions\/3676"}],"wp:featuredmedia":[{"embeddable":true,"href":"https:\/\/san-andres-dinicuiti.org\/hello-world\/wp-json\/wp\/v2\/media\/3673"}],"wp:attachment":[{"href":"https:\/\/san-andres-dinicuiti.org\/hello-world\/wp-json\/wp\/v2\/media?parent=3672"}],"wp:term":[{"taxonomy":"category","embeddable":true,"href":"https:\/\/san-andres-dinicuiti.org\/hello-world\/wp-json\/wp\/v2\/categories?post=3672"},{"taxonomy":"post_tag","embeddable":true,"href":"https:\/\/san-andres-dinicuiti.org\/hello-world\/wp-json\/wp\/v2\/tags?post=3672"}],"curies":[{"name":"wp","href":"https:\/\/api.w.org\/{rel}","templated":true}]}}