{"id":3677,"date":"2025-11-30T06:38:00","date_gmt":"2025-11-30T12:38:00","guid":{"rendered":"https:\/\/san-andres-dinicuiti.org\/hello-world\/?p=3677"},"modified":"2025-12-16T01:45:35","modified_gmt":"2025-12-16T07:45:35","slug":"san-andres-dinicuiti-despierta-con-fe-y-alegria-al-entonar-las-mananitas-a-san-andres-apostol","status":"publish","type":"post","link":"https:\/\/san-andres-dinicuiti.org\/hello-world\/san-andres-dinicuiti-despierta-con-fe-y-alegria-al-entonar-las-mananitas-a-san-andres-apostol\/","title":{"rendered":"San Andr\u00e9s Dinicuiti despierta con fe y alegr\u00eda al entonar Las Ma\u00f1anitas a San Andr\u00e9s Ap\u00f3stol"},"content":{"rendered":"\n<p>La ma\u00f1ana en <strong>San Andr\u00e9s Dinicuiti<\/strong> comenz\u00f3 envuelta en un ambiente de fe, emoci\u00f3n y profundo arraigo cultural, al entonarse <strong>Las Ma\u00f1anitas a San Andr\u00e9s Ap\u00f3stol<\/strong>, santo patrono de nuestro municipio, como parte de las actividades centrales de la <strong>Fiesta Patronal<\/strong>.<\/p>\n\n\n\n<p>Desde temprana hora, la comunidad se congreg\u00f3 para rendir homenaje a su santo patrono en un acto lleno de devoci\u00f3n y respeto. Acompa\u00f1ados por el emotivo sonido del <strong>Mariachi M\u00e9xico Lindo<\/strong>, los acordes musicales resonaron en cada rinc\u00f3n, creando un ambiente que toc\u00f3 el coraz\u00f3n de las y los asistentes y reafirm\u00f3 el v\u00ednculo espiritual que une al pueblo con sus tradiciones.<\/p>\n\n\n\n<figure class=\"wp-block-image aligncenter size-large is-resized\"><img loading=\"lazy\" decoding=\"async\" width=\"1024\" height=\"576\" src=\"https:\/\/san-andres-dinicuiti.org\/wp-content\/uploads\/2025\/12\/30-1-1024x576.png\" alt=\"\" class=\"wp-image-3678\" style=\"width:527px;height:auto\" srcset=\"https:\/\/san-andres-dinicuiti.org\/wp-content\/uploads\/2025\/12\/30-1-1024x576.png 1024w, https:\/\/san-andres-dinicuiti.org\/wp-content\/uploads\/2025\/12\/30-1-300x169.png 300w, https:\/\/san-andres-dinicuiti.org\/wp-content\/uploads\/2025\/12\/30-1-768x432.png 768w, https:\/\/san-andres-dinicuiti.org\/wp-content\/uploads\/2025\/12\/30-1.png 1280w\" sizes=\"auto, (max-width: 1024px) 100vw, 1024px\" \/><\/figure>\n\n\n\n<p>Este significativo momento no solo representa un acto religioso, sino tambi\u00e9n una expresi\u00f3n viva de identidad y pertenencia. La interpretaci\u00f3n de Las Ma\u00f1anitas simboliza el agradecimiento, la fe compartida y el compromiso de una comunidad que camina unida, fortaleciendo valores fundamentales como la <strong>paz, el respeto y la hermandad<\/strong>.<\/p>\n\n\n\n<p>Familias completas, personas de todas las edades y visitantes se sumaron a esta celebraci\u00f3n matutina, demostrando que las tradiciones contin\u00faan vigentes gracias a la participaci\u00f3n activa de la ciudadan\u00eda. Estos actos fortalecen el tejido social y nos recuerdan la importancia de conservar y transmitir nuestras costumbres a las nuevas generaciones.<\/p>\n\n\n\n<p>El <strong>H. Ayuntamiento de San Andr\u00e9s Dinicuiti<\/strong> reconoce y agradece la participaci\u00f3n de quienes hicieron posible este emotivo homenaje, as\u00ed como la presencia del Mariachi M\u00e9xico Lindo, cuyo talento dio realce a este acto de fe que forma parte esencial de nuestra fiesta patronal.<\/p>\n\n\n\n<p>Invitamos a la poblaci\u00f3n en general a continuar participando en las actividades programadas, viviendo con respeto y alegr\u00eda esta celebraci\u00f3n que nos llena de identidad y orgullo como pueblo.<\/p>\n\n\n\n<p><strong>\u00a1Que viva San Andr\u00e9s Ap\u00f3stol y que viva San Andr\u00e9s Dinicuiti!<\/strong><\/p>\n\n\n\n<figure class=\"wp-block-image aligncenter size-large is-resized\"><img loading=\"lazy\" decoding=\"async\" width=\"1024\" height=\"576\" src=\"https:\/\/san-andres-dinicuiti.org\/wp-content\/uploads\/2025\/12\/30-3-1024x576.png\" alt=\"\" class=\"wp-image-3679\" style=\"width:525px;height:auto\" srcset=\"https:\/\/san-andres-dinicuiti.org\/wp-content\/uploads\/2025\/12\/30-3-1024x576.png 1024w, https:\/\/san-andres-dinicuiti.org\/wp-content\/uploads\/2025\/12\/30-3-300x169.png 300w, https:\/\/san-andres-dinicuiti.org\/wp-content\/uploads\/2025\/12\/30-3-768x432.png 768w, https:\/\/san-andres-dinicuiti.org\/wp-content\/uploads\/2025\/12\/30-3.png 1280w\" sizes=\"auto, (max-width: 1024px) 100vw, 1024px\" \/><\/figure>\n","protected":false},"excerpt":{"rendered":"<p>La ma\u00f1ana en San Andr\u00e9s Dinicuiti comenz\u00f3 envuelta en un ambiente de fe, emoci\u00f3n y profundo arraigo cultural, al entonarse Las Ma\u00f1anitas a San Andr\u00e9s Ap\u00f3stol, santo patrono de nuestro municipio, como parte de las actividades centrales de la Fiesta Patronal. Desde temprana hora, la comunidad se congreg\u00f3 para rendir homenaje a su santo patrono [&hellip;]<\/p>\n","protected":false},"author":1,"featured_media":3678,"comment_status":"open","ping_status":"open","sticky":false,"template":"","format":"standard","meta":{"_gspb_post_css":"","footnotes":""},"categories":[26],"tags":[],"class_list":["post-3677","post","type-post","status-publish","format-standard","has-post-thumbnail","hentry","category-noticias"],"blocksy_meta":[],"_links":{"self":[{"href":"https:\/\/san-andres-dinicuiti.org\/hello-world\/wp-json\/wp\/v2\/posts\/3677","targetHints":{"allow":["GET"]}}],"collection":[{"href":"https:\/\/san-andres-dinicuiti.org\/hello-world\/wp-json\/wp\/v2\/posts"}],"about":[{"href":"https:\/\/san-andres-dinicuiti.org\/hello-world\/wp-json\/wp\/v2\/types\/post"}],"author":[{"embeddable":true,"href":"https:\/\/san-andres-dinicuiti.org\/hello-world\/wp-json\/wp\/v2\/users\/1"}],"replies":[{"embeddable":true,"href":"https:\/\/san-andres-dinicuiti.org\/hello-world\/wp-json\/wp\/v2\/comments?post=3677"}],"version-history":[{"count":1,"href":"https:\/\/san-andres-dinicuiti.org\/hello-world\/wp-json\/wp\/v2\/posts\/3677\/revisions"}],"predecessor-version":[{"id":3682,"href":"https:\/\/san-andres-dinicuiti.org\/hello-world\/wp-json\/wp\/v2\/posts\/3677\/revisions\/3682"}],"wp:featuredmedia":[{"embeddable":true,"href":"https:\/\/san-andres-dinicuiti.org\/hello-world\/wp-json\/wp\/v2\/media\/3678"}],"wp:attachment":[{"href":"https:\/\/san-andres-dinicuiti.org\/hello-world\/wp-json\/wp\/v2\/media?parent=3677"}],"wp:term":[{"taxonomy":"category","embeddable":true,"href":"https:\/\/san-andres-dinicuiti.org\/hello-world\/wp-json\/wp\/v2\/categories?post=3677"},{"taxonomy":"post_tag","embeddable":true,"href":"https:\/\/san-andres-dinicuiti.org\/hello-world\/wp-json\/wp\/v2\/tags?post=3677"}],"curies":[{"name":"wp","href":"https:\/\/api.w.org\/{rel}","templated":true}]}}