{"id":3694,"date":"2025-12-31T20:24:28","date_gmt":"2026-01-01T02:24:28","guid":{"rendered":"https:\/\/san-andres-dinicuiti.org\/hello-world\/?p=3694"},"modified":"2025-12-31T20:53:18","modified_gmt":"2026-01-01T02:53:18","slug":"san-andres-dinicuiti-rinde-su-primer-informe-de-gobierno-correspondiente-al-ejercicio-fiscal-2025","status":"publish","type":"post","link":"https:\/\/san-andres-dinicuiti.org\/hello-world\/san-andres-dinicuiti-rinde-su-primer-informe-de-gobierno-correspondiente-al-ejercicio-fiscal-2025\/","title":{"rendered":"San Andr\u00e9s Dinicuiti rinde su Primer Informe de Gobierno correspondiente al Ejercicio Fiscal 2025"},"content":{"rendered":"\n<figure class=\"wp-block-image aligncenter size-large is-resized\"><img loading=\"lazy\" decoding=\"async\" width=\"1024\" height=\"768\" src=\"https:\/\/san-andres-dinicuiti.org\/wp-content\/uploads\/2025\/12\/WhatsApp-Image-2025-12-31-at-11.34.05-AM-1024x768.jpeg\" alt=\"\" class=\"wp-image-3695\" style=\"width:637px;height:auto\" srcset=\"https:\/\/san-andres-dinicuiti.org\/wp-content\/uploads\/2025\/12\/WhatsApp-Image-2025-12-31-at-11.34.05-AM-1024x768.jpeg 1024w, https:\/\/san-andres-dinicuiti.org\/wp-content\/uploads\/2025\/12\/WhatsApp-Image-2025-12-31-at-11.34.05-AM-300x225.jpeg 300w, https:\/\/san-andres-dinicuiti.org\/wp-content\/uploads\/2025\/12\/WhatsApp-Image-2025-12-31-at-11.34.05-AM-768x576.jpeg 768w, https:\/\/san-andres-dinicuiti.org\/wp-content\/uploads\/2025\/12\/WhatsApp-Image-2025-12-31-at-11.34.05-AM.jpeg 1280w\" sizes=\"auto, (max-width: 1024px) 100vw, 1024px\" \/><\/figure>\n\n\n\n<p>Este <strong>31 de diciembre de 2025<\/strong>, la <strong>Lic. Yessica Cruz Ortiz<\/strong>, <strong>Presidenta Municipal Constitucional de San Andr\u00e9s Dinicuiti<\/strong>, acompa\u00f1ada por las y los integrantes del <strong>Honorable Cabildo Municipal<\/strong>, present\u00f3 ante la ciudadan\u00eda el <strong>Primer Informe de Gobierno<\/strong>, correspondiente al <strong>ejercicio fiscal 2025<\/strong>, en un acto de rendici\u00f3n de cuentas que reafirma el compromiso de esta administraci\u00f3n <strong>2025\u20132027<\/strong> con la transparencia, la planeaci\u00f3n y el desarrollo integral del municipio.<\/p>\n\n\n\n<p>Durante su mensaje, la Presidenta Municipal dio a conocer de manera detallada y responsable los <strong>datos financieros<\/strong>, el estado que guardan las <strong>obras p\u00fablicas<\/strong>, as\u00ed como las <strong>gestiones, programas y acciones<\/strong> realizadas a lo largo del a\u00f1o, destacando que los resultados presentados son fruto del <strong>trabajo coordinado entre las direcciones, regidur\u00edas, autoridades auxiliares, instancias estatales y federales<\/strong>, as\u00ed como de la participaci\u00f3n activa de la ciudadan\u00eda.<\/p>\n\n\n\n<h3 class=\"wp-block-heading\" id=\"presentacion-cronologica-de-gestiones-y-acciones-municipales\">Presentaci\u00f3n cronol\u00f3gica de gestiones y acciones municipales<\/h3>\n\n\n\n<p>Como parte central de este Primer Informe de Gobierno, se expuso un <strong>recuento cronol\u00f3gico, mes por mes<\/strong>, de las principales <strong>gestiones realizadas por cada una de las direcciones y regidur\u00edas municipales<\/strong>, lo que permiti\u00f3 mostrar de forma clara el avance progresivo de los trabajos emprendidos durante el primer a\u00f1o de la administraci\u00f3n.<\/p>\n\n\n\n<figure class=\"wp-block-image aligncenter size-large is-resized\"><img loading=\"lazy\" decoding=\"async\" width=\"1024\" height=\"768\" src=\"https:\/\/san-andres-dinicuiti.org\/wp-content\/uploads\/2025\/12\/WhatsApp-Image-2025-12-31-at-11.34.12-AM-1-1024x768.jpeg\" alt=\"\" class=\"wp-image-3696\" style=\"width:537px;height:auto\" srcset=\"https:\/\/san-andres-dinicuiti.org\/wp-content\/uploads\/2025\/12\/WhatsApp-Image-2025-12-31-at-11.34.12-AM-1-1024x768.jpeg 1024w, https:\/\/san-andres-dinicuiti.org\/wp-content\/uploads\/2025\/12\/WhatsApp-Image-2025-12-31-at-11.34.12-AM-1-300x225.jpeg 300w, https:\/\/san-andres-dinicuiti.org\/wp-content\/uploads\/2025\/12\/WhatsApp-Image-2025-12-31-at-11.34.12-AM-1-768x576.jpeg 768w, https:\/\/san-andres-dinicuiti.org\/wp-content\/uploads\/2025\/12\/WhatsApp-Image-2025-12-31-at-11.34.12-AM-1.jpeg 1280w\" sizes=\"auto, (max-width: 1024px) 100vw, 1024px\" \/><\/figure>\n\n\n\n<p>En este ejercicio de rendici\u00f3n de cuentas se detallaron las acciones impulsadas desde \u00e1reas como el <strong>Sistema DIF Municipal<\/strong>, la <strong>Direcci\u00f3n de Salud y Deporte<\/strong>, la <strong>Direcci\u00f3n de Cultura y Ecolog\u00eda<\/strong>, la <strong>Regidur\u00eda de Educaci\u00f3n<\/strong>, la <strong>Regidur\u00eda de Obras<\/strong>, la <strong>Regidur\u00eda de Hacienda<\/strong>, la <strong>Tesorer\u00eda Municipal<\/strong>, as\u00ed como otras instancias administrativas, evidenciando la planeaci\u00f3n, seguimiento y continuidad de las gestiones realizadas a lo largo del a\u00f1o.<\/p>\n\n\n\n<p>Cada una de estas acciones fue presentada en orden cronol\u00f3gico, permitiendo a la ciudadan\u00eda conocer de manera puntual los <strong>programas sociales implementados<\/strong>, las <strong>campa\u00f1as de salud<\/strong>, las <strong>actividades culturales y tradicionales<\/strong>, los <strong>talleres educativos<\/strong>, las <strong>obras de infraestructura<\/strong>, as\u00ed como las <strong>gestiones ante el Gobierno del Estado y otras instituciones<\/strong>, que han generado beneficios directos para la cabecera municipal, agencias y n\u00facleos rurales.<\/p>\n\n\n\n<h3 class=\"wp-block-heading\" id=\"resultados-y-coordinacion-interinstitucional\">Resultados y coordinaci\u00f3n interinstitucional<\/h3>\n\n\n\n<p>Durante el informe se destac\u00f3 que muchas de las obras y acciones realizadas en 2025 fueron posibles gracias a la <strong>gesti\u00f3n responsable y constante<\/strong> ante el <strong>Gobierno del Estado<\/strong>, encabezado por el <strong>Ing. Salom\u00f3n Jara Cruz<\/strong>, as\u00ed como al respaldo de programas y dependencias que han permitido fortalecer la infraestructura vial, mejorar accesos, apoyar a grupos vulnerables y atender necesidades prioritarias de la poblaci\u00f3n.<\/p>\n\n\n\n<p>Asimismo, se reconoci\u00f3 la <strong>colaboraci\u00f3n de las autoridades auxiliares<\/strong>, comit\u00e9s, mayordom\u00edas y ciudadan\u00eda en general, cuya participaci\u00f3n mediante <strong>tequios y trabajo comunitario<\/strong> ha sido fundamental para concretar diversos proyectos en beneficio del municipio.<\/p>\n\n\n\n<figure class=\"wp-block-image aligncenter size-large is-resized\"><img loading=\"lazy\" decoding=\"async\" width=\"768\" height=\"1024\" src=\"https:\/\/san-andres-dinicuiti.org\/wp-content\/uploads\/2025\/12\/WhatsApp-Image-2025-12-31-at-11.34.02-AM-768x1024.jpeg\" alt=\"\" class=\"wp-image-3698\" style=\"width:432px;height:auto\" srcset=\"https:\/\/san-andres-dinicuiti.org\/wp-content\/uploads\/2025\/12\/WhatsApp-Image-2025-12-31-at-11.34.02-AM-768x1024.jpeg 768w, https:\/\/san-andres-dinicuiti.org\/wp-content\/uploads\/2025\/12\/WhatsApp-Image-2025-12-31-at-11.34.02-AM-225x300.jpeg 225w, https:\/\/san-andres-dinicuiti.org\/wp-content\/uploads\/2025\/12\/WhatsApp-Image-2025-12-31-at-11.34.02-AM.jpeg 960w\" sizes=\"auto, (max-width: 768px) 100vw, 768px\" \/><\/figure>\n\n\n\n<h3 class=\"wp-block-heading\" id=\"compromiso-con-la-transparencia-y-el-desarrollo\">Compromiso con la transparencia y el desarrollo<\/h3>\n\n\n\n<p>En su mensaje final, la <strong>Lic. Yessica Cruz Ortiz<\/strong> reiter\u00f3 que este Primer Informe de Gobierno representa un ejercicio de <strong>transparencia, responsabilidad y cercan\u00eda con la ciudadan\u00eda<\/strong>, subrayando que los avances logrados durante el ejercicio fiscal 2025 sientan las bases para continuar fortaleciendo el desarrollo social, econ\u00f3mico y cultural de <strong>San Andr\u00e9s Dinicuiti<\/strong>.<\/p>\n\n\n\n<p>El Gobierno Municipal refrenda su compromiso de <strong>seguir trabajando con honestidad, orden y responsabilidad<\/strong>, manteniendo una administraci\u00f3n cercana al pueblo, que escuche, gestione y responda a las necesidades de todas y todos los habitantes del municipio durante el periodo <strong>2025\u20132027<\/strong>.<\/p>\n\n\n\n<figure class=\"wp-block-image aligncenter size-large is-resized\"><img loading=\"lazy\" decoding=\"async\" width=\"1024\" height=\"768\" src=\"https:\/\/san-andres-dinicuiti.org\/wp-content\/uploads\/2025\/12\/WhatsApp-Image-2025-12-31-at-11.34.12-AM-1024x768.jpeg\" alt=\"\" class=\"wp-image-3697\" style=\"width:525px;height:auto\" srcset=\"https:\/\/san-andres-dinicuiti.org\/wp-content\/uploads\/2025\/12\/WhatsApp-Image-2025-12-31-at-11.34.12-AM-1024x768.jpeg 1024w, https:\/\/san-andres-dinicuiti.org\/wp-content\/uploads\/2025\/12\/WhatsApp-Image-2025-12-31-at-11.34.12-AM-300x225.jpeg 300w, https:\/\/san-andres-dinicuiti.org\/wp-content\/uploads\/2025\/12\/WhatsApp-Image-2025-12-31-at-11.34.12-AM-768x576.jpeg 768w, https:\/\/san-andres-dinicuiti.org\/wp-content\/uploads\/2025\/12\/WhatsApp-Image-2025-12-31-at-11.34.12-AM.jpeg 1280w\" sizes=\"auto, (max-width: 1024px) 100vw, 1024px\" \/><\/figure>\n","protected":false},"excerpt":{"rendered":"<p>Este 31 de diciembre de 2025, la Lic. Yessica Cruz Ortiz, Presidenta Municipal Constitucional de San Andr\u00e9s Dinicuiti, acompa\u00f1ada por las y los integrantes del Honorable Cabildo Municipal, present\u00f3 ante la ciudadan\u00eda el Primer Informe de Gobierno, correspondiente al ejercicio fiscal 2025, en un acto de rendici\u00f3n de cuentas que reafirma el compromiso de esta [&hellip;]<\/p>\n","protected":false},"author":1,"featured_media":3695,"comment_status":"open","ping_status":"open","sticky":false,"template":"","format":"standard","meta":{"_gspb_post_css":"","footnotes":""},"categories":[26],"tags":[],"class_list":["post-3694","post","type-post","status-publish","format-standard","has-post-thumbnail","hentry","category-noticias"],"blocksy_meta":[],"_links":{"self":[{"href":"https:\/\/san-andres-dinicuiti.org\/hello-world\/wp-json\/wp\/v2\/posts\/3694","targetHints":{"allow":["GET"]}}],"collection":[{"href":"https:\/\/san-andres-dinicuiti.org\/hello-world\/wp-json\/wp\/v2\/posts"}],"about":[{"href":"https:\/\/san-andres-dinicuiti.org\/hello-world\/wp-json\/wp\/v2\/types\/post"}],"author":[{"embeddable":true,"href":"https:\/\/san-andres-dinicuiti.org\/hello-world\/wp-json\/wp\/v2\/users\/1"}],"replies":[{"embeddable":true,"href":"https:\/\/san-andres-dinicuiti.org\/hello-world\/wp-json\/wp\/v2\/comments?post=3694"}],"version-history":[{"count":1,"href":"https:\/\/san-andres-dinicuiti.org\/hello-world\/wp-json\/wp\/v2\/posts\/3694\/revisions"}],"predecessor-version":[{"id":3700,"href":"https:\/\/san-andres-dinicuiti.org\/hello-world\/wp-json\/wp\/v2\/posts\/3694\/revisions\/3700"}],"wp:featuredmedia":[{"embeddable":true,"href":"https:\/\/san-andres-dinicuiti.org\/hello-world\/wp-json\/wp\/v2\/media\/3695"}],"wp:attachment":[{"href":"https:\/\/san-andres-dinicuiti.org\/hello-world\/wp-json\/wp\/v2\/media?parent=3694"}],"wp:term":[{"taxonomy":"category","embeddable":true,"href":"https:\/\/san-andres-dinicuiti.org\/hello-world\/wp-json\/wp\/v2\/categories?post=3694"},{"taxonomy":"post_tag","embeddable":true,"href":"https:\/\/san-andres-dinicuiti.org\/hello-world\/wp-json\/wp\/v2\/tags?post=3694"}],"curies":[{"name":"wp","href":"https:\/\/api.w.org\/{rel}","templated":true}]}}