{"id":3701,"date":"2026-01-06T20:12:00","date_gmt":"2026-01-07T02:12:00","guid":{"rendered":"https:\/\/san-andres-dinicuiti.org\/hello-world\/?p=3701"},"modified":"2026-01-10T01:19:52","modified_gmt":"2026-01-10T07:19:52","slug":"h-ayuntamiento-de-san-andres-dinicuiti-celebra-el-dia-de-reyes-con-entrega-de-juguetes-en-todo-el-municipio","status":"publish","type":"post","link":"https:\/\/san-andres-dinicuiti.org\/hello-world\/h-ayuntamiento-de-san-andres-dinicuiti-celebra-el-dia-de-reyes-con-entrega-de-juguetes-en-todo-el-municipio\/","title":{"rendered":"H. Ayuntamiento de San Andr\u00e9s Dinicuiti celebra el D\u00eda de Reyes con entrega de juguetes en todo el municipio"},"content":{"rendered":"\n<p>San Andr\u00e9s Dinicuiti, Oax. \u2014 En el marco de la conmemoraci\u00f3n del <strong>D\u00eda de Reyes<\/strong>, el  <strong>06 de enero<\/strong>, el <strong>Honorable Ayuntamiento de San Andr\u00e9s Dinicuiti<\/strong>, encabezado por la <strong>C. Yessica Cruz Ortiz<\/strong>, llev\u00f3 a cabo la <strong>entrega de juguetes a ni\u00f1as y ni\u00f1os<\/strong> de la cabecera municipal y de las distintas agencias y n\u00facleos rurales que conforman el municipio.<\/p>\n\n\n\n<figure class=\"wp-block-image aligncenter size-large is-resized\"><img loading=\"lazy\" decoding=\"async\" width=\"1024\" height=\"768\" src=\"https:\/\/san-andres-dinicuiti.org\/wp-content\/uploads\/2026\/01\/6-DE-ENERO-2026-001-1024x768.jpeg\" alt=\"\" class=\"wp-image-3707\" style=\"width:387px;height:auto\" srcset=\"https:\/\/san-andres-dinicuiti.org\/wp-content\/uploads\/2026\/01\/6-DE-ENERO-2026-001-1024x768.jpeg 1024w, https:\/\/san-andres-dinicuiti.org\/wp-content\/uploads\/2026\/01\/6-DE-ENERO-2026-001-300x225.jpeg 300w, https:\/\/san-andres-dinicuiti.org\/wp-content\/uploads\/2026\/01\/6-DE-ENERO-2026-001-768x576.jpeg 768w, https:\/\/san-andres-dinicuiti.org\/wp-content\/uploads\/2026\/01\/6-DE-ENERO-2026-001-1536x1152.jpeg 1536w, https:\/\/san-andres-dinicuiti.org\/wp-content\/uploads\/2026\/01\/6-DE-ENERO-2026-001.jpeg 1600w\" sizes=\"auto, (max-width: 1024px) 100vw, 1024px\" \/><\/figure>\n\n\n\n<p>Esta significativa actividad se realiz\u00f3 en la <strong>cabecera municipal<\/strong>, as\u00ed como en la <strong>Agencia Antonio de Le\u00f3n<\/strong>, el <strong>N\u00facleo Rural Reforma<\/strong>, la <strong>Agencia Santiago del R\u00edo<\/strong> y la <strong>Agencia de Santa Mar\u00eda Tutla<\/strong>, logrando beneficiar a la totalidad de ni\u00f1as y ni\u00f1os de dichas localidades, quienes recibieron con alegr\u00eda este gesto solidario.<\/p>\n\n\n\n<p>Como parte de esta convivencia, adem\u00e1s de los juguetes, se comparti\u00f3 un <strong>vaso de bebida<\/strong> y la tradicional <strong>Rosca de Reyes<\/strong>, fortaleciendo los lazos de uni\u00f3n, convivencia y armon\u00eda entre las familias del municipio, en una fecha que promueve valores como la solidaridad, la esperanza y la fraternidad.<\/p>\n\n\n\n<figure class=\"wp-block-image aligncenter size-large is-resized\"><img loading=\"lazy\" decoding=\"async\" width=\"768\" height=\"1024\" src=\"https:\/\/san-andres-dinicuiti.org\/wp-content\/uploads\/2026\/01\/6-DE-ENERO-2026-012-p-768x1024.jpeg\" alt=\"\" class=\"wp-image-3702\" style=\"width:441px;height:auto\" srcset=\"https:\/\/san-andres-dinicuiti.org\/wp-content\/uploads\/2026\/01\/6-DE-ENERO-2026-012-p-768x1024.jpeg 768w, https:\/\/san-andres-dinicuiti.org\/wp-content\/uploads\/2026\/01\/6-DE-ENERO-2026-012-p-225x300.jpeg 225w, https:\/\/san-andres-dinicuiti.org\/wp-content\/uploads\/2026\/01\/6-DE-ENERO-2026-012-p-1152x1536.jpeg 1152w, https:\/\/san-andres-dinicuiti.org\/wp-content\/uploads\/2026\/01\/6-DE-ENERO-2026-012-p.jpeg 1200w\" sizes=\"auto, (max-width: 768px) 100vw, 768px\" \/><\/figure>\n\n\n\n<p>El H. Ayuntamiento de San Andr\u00e9s Dinicuiti reafirma su compromiso de trabajar con un enfoque humano y cercano a la poblaci\u00f3n, impulsando acciones que contribuyan al bienestar social y al desarrollo integral de la ni\u00f1ez, reconociendo que las ni\u00f1as y los ni\u00f1os son el presente y el futuro de nuestro municipio.<\/p>\n\n\n\n<figure class=\"wp-block-image aligncenter size-large is-resized\"><img loading=\"lazy\" decoding=\"async\" width=\"768\" height=\"1024\" src=\"https:\/\/san-andres-dinicuiti.org\/wp-content\/uploads\/2026\/01\/6-DE-ENERO-2026-014-p-768x1024.jpeg\" alt=\"\" class=\"wp-image-3704\" style=\"width:419px;height:auto\" srcset=\"https:\/\/san-andres-dinicuiti.org\/wp-content\/uploads\/2026\/01\/6-DE-ENERO-2026-014-p-768x1024.jpeg 768w, https:\/\/san-andres-dinicuiti.org\/wp-content\/uploads\/2026\/01\/6-DE-ENERO-2026-014-p-225x300.jpeg 225w, https:\/\/san-andres-dinicuiti.org\/wp-content\/uploads\/2026\/01\/6-DE-ENERO-2026-014-p-1152x1536.jpeg 1152w, https:\/\/san-andres-dinicuiti.org\/wp-content\/uploads\/2026\/01\/6-DE-ENERO-2026-014-p.jpeg 1200w\" sizes=\"auto, (max-width: 768px) 100vw, 768px\" \/><\/figure>\n\n\n\n<p>Con estas acciones, el Gobierno Municipal contin\u00faa promoviendo la convivencia comunitaria y el fortalecimiento del tejido social, manteniendo vivas nuestras tradiciones y celebraciones que unen a las familias de San Andr\u00e9s Dinicuiti.<\/p>\n\n\n\n<figure class=\"wp-block-image aligncenter size-large is-resized\"><img loading=\"lazy\" decoding=\"async\" width=\"1024\" height=\"768\" src=\"https:\/\/san-andres-dinicuiti.org\/wp-content\/uploads\/2026\/01\/6-DE-ENERO-2026-013-p-1024x768.jpeg\" alt=\"\" class=\"wp-image-3703\" style=\"width:585px;height:auto\" srcset=\"https:\/\/san-andres-dinicuiti.org\/wp-content\/uploads\/2026\/01\/6-DE-ENERO-2026-013-p-1024x768.jpeg 1024w, https:\/\/san-andres-dinicuiti.org\/wp-content\/uploads\/2026\/01\/6-DE-ENERO-2026-013-p-300x225.jpeg 300w, https:\/\/san-andres-dinicuiti.org\/wp-content\/uploads\/2026\/01\/6-DE-ENERO-2026-013-p-768x576.jpeg 768w, https:\/\/san-andres-dinicuiti.org\/wp-content\/uploads\/2026\/01\/6-DE-ENERO-2026-013-p-1536x1152.jpeg 1536w, https:\/\/san-andres-dinicuiti.org\/wp-content\/uploads\/2026\/01\/6-DE-ENERO-2026-013-p.jpeg 1600w\" sizes=\"auto, (max-width: 1024px) 100vw, 1024px\" \/><\/figure>\n","protected":false},"excerpt":{"rendered":"<p>San Andr\u00e9s Dinicuiti, Oax. \u2014 En el marco de la conmemoraci\u00f3n del D\u00eda de Reyes, el 06 de enero, el Honorable Ayuntamiento de San Andr\u00e9s Dinicuiti, encabezado por la C. Yessica Cruz Ortiz, llev\u00f3 a cabo la entrega de juguetes a ni\u00f1as y ni\u00f1os de la cabecera municipal y de las distintas agencias y n\u00facleos [&hellip;]<\/p>\n","protected":false},"author":1,"featured_media":3704,"comment_status":"open","ping_status":"open","sticky":false,"template":"","format":"standard","meta":{"_gspb_post_css":"","footnotes":""},"categories":[26],"tags":[],"class_list":["post-3701","post","type-post","status-publish","format-standard","has-post-thumbnail","hentry","category-noticias"],"blocksy_meta":[],"_links":{"self":[{"href":"https:\/\/san-andres-dinicuiti.org\/hello-world\/wp-json\/wp\/v2\/posts\/3701","targetHints":{"allow":["GET"]}}],"collection":[{"href":"https:\/\/san-andres-dinicuiti.org\/hello-world\/wp-json\/wp\/v2\/posts"}],"about":[{"href":"https:\/\/san-andres-dinicuiti.org\/hello-world\/wp-json\/wp\/v2\/types\/post"}],"author":[{"embeddable":true,"href":"https:\/\/san-andres-dinicuiti.org\/hello-world\/wp-json\/wp\/v2\/users\/1"}],"replies":[{"embeddable":true,"href":"https:\/\/san-andres-dinicuiti.org\/hello-world\/wp-json\/wp\/v2\/comments?post=3701"}],"version-history":[{"count":1,"href":"https:\/\/san-andres-dinicuiti.org\/hello-world\/wp-json\/wp\/v2\/posts\/3701\/revisions"}],"predecessor-version":[{"id":3708,"href":"https:\/\/san-andres-dinicuiti.org\/hello-world\/wp-json\/wp\/v2\/posts\/3701\/revisions\/3708"}],"wp:featuredmedia":[{"embeddable":true,"href":"https:\/\/san-andres-dinicuiti.org\/hello-world\/wp-json\/wp\/v2\/media\/3704"}],"wp:attachment":[{"href":"https:\/\/san-andres-dinicuiti.org\/hello-world\/wp-json\/wp\/v2\/media?parent=3701"}],"wp:term":[{"taxonomy":"category","embeddable":true,"href":"https:\/\/san-andres-dinicuiti.org\/hello-world\/wp-json\/wp\/v2\/categories?post=3701"},{"taxonomy":"post_tag","embeddable":true,"href":"https:\/\/san-andres-dinicuiti.org\/hello-world\/wp-json\/wp\/v2\/tags?post=3701"}],"curies":[{"name":"wp","href":"https:\/\/api.w.org\/{rel}","templated":true}]}}