{"id":3710,"date":"2026-01-09T20:09:00","date_gmt":"2026-01-10T02:09:00","guid":{"rendered":"https:\/\/san-andres-dinicuiti.org\/hello-world\/?p=3710"},"modified":"2026-01-10T02:27:43","modified_gmt":"2026-01-10T08:27:43","slug":"se-realiza-la-toma-de-protesta-de-las-autoridades-auxiliares-de-la-agencia-municipal-de-santiago-del-rio","status":"publish","type":"post","link":"https:\/\/san-andres-dinicuiti.org\/hello-world\/se-realiza-la-toma-de-protesta-de-las-autoridades-auxiliares-de-la-agencia-municipal-de-santiago-del-rio\/","title":{"rendered":"Se realiza la Toma de Protesta de las Autoridades Auxiliares de la Agencia Municipal de Santiago del R\u00edo"},"content":{"rendered":"\n<p>San Andr\u00e9s Dinicuiti, Oax.\u2014 El d\u00eda <strong>09 de enero<\/strong>, a las <strong>10:00 horas<\/strong>, se llev\u00f3 a cabo la <strong>Toma de Protesta de las Autoridades Auxiliares electas para el periodo 2026<\/strong> de la <strong>Agencia Municipal de Santiago del R\u00edo<\/strong>, mediante una <strong>Sesi\u00f3n Solemne<\/strong> realizada en las instalaciones de dicha agencia.<\/p>\n\n\n\n<figure class=\"wp-block-image aligncenter size-large is-resized\"><img loading=\"lazy\" decoding=\"async\" width=\"768\" height=\"1024\" src=\"https:\/\/san-andres-dinicuiti.org\/wp-content\/uploads\/2026\/01\/PROTESTA-SANTAIGO-DEL-RIO-2026-002-768x1024.jpeg\" alt=\"\" class=\"wp-image-3711\" style=\"width:367px;height:auto\" srcset=\"https:\/\/san-andres-dinicuiti.org\/wp-content\/uploads\/2026\/01\/PROTESTA-SANTAIGO-DEL-RIO-2026-002-768x1024.jpeg 768w, https:\/\/san-andres-dinicuiti.org\/wp-content\/uploads\/2026\/01\/PROTESTA-SANTAIGO-DEL-RIO-2026-002-225x300.jpeg 225w, https:\/\/san-andres-dinicuiti.org\/wp-content\/uploads\/2026\/01\/PROTESTA-SANTAIGO-DEL-RIO-2026-002.jpeg 960w\" sizes=\"auto, (max-width: 768px) 100vw, 768px\" \/><\/figure>\n\n\n\n<p>A este acto protocolario asistieron integrantes del <strong>Honorable Ayuntamiento de San Andr\u00e9s Dinicuiti<\/strong>, las <strong>autoridades auxiliares salientes<\/strong>, las <strong>autoridades auxiliares electas<\/strong>, as\u00ed como <strong>ciudadanas y ciudadanos en general<\/strong>, quienes atestiguaron este importante momento que marca el inicio formal de una nueva etapa de trabajo comunitario.<\/p>\n\n\n\n<p>Durante el desarrollo de la sesi\u00f3n se llev\u00f3 a cabo la <strong>Toma de Protesta de ley<\/strong> a las autoridades auxiliares electas, la <strong>entrega del Bast\u00f3n de Mando<\/strong>, la <strong>entrega de los nombramientos oficiales<\/strong>, as\u00ed como el <strong>tradicional presente floral<\/strong> a las autoridades municipales, autoridades auxiliares salientes y entrantes, como muestra de reconocimiento y agradecimiento por la labor desempe\u00f1ada en beneficio de la comunidad.<\/p>\n\n\n\n<figure class=\"wp-block-image aligncenter size-large is-resized\"><img loading=\"lazy\" decoding=\"async\" width=\"1024\" height=\"768\" src=\"https:\/\/san-andres-dinicuiti.org\/wp-content\/uploads\/2026\/01\/PROTESTA-SANTAIGO-DEL-RIO-2026-007-1024x768.jpeg\" alt=\"\" class=\"wp-image-3712\" style=\"width:544px;height:auto\" srcset=\"https:\/\/san-andres-dinicuiti.org\/wp-content\/uploads\/2026\/01\/PROTESTA-SANTAIGO-DEL-RIO-2026-007-1024x768.jpeg 1024w, https:\/\/san-andres-dinicuiti.org\/wp-content\/uploads\/2026\/01\/PROTESTA-SANTAIGO-DEL-RIO-2026-007-300x225.jpeg 300w, https:\/\/san-andres-dinicuiti.org\/wp-content\/uploads\/2026\/01\/PROTESTA-SANTAIGO-DEL-RIO-2026-007-768x576.jpeg 768w, https:\/\/san-andres-dinicuiti.org\/wp-content\/uploads\/2026\/01\/PROTESTA-SANTAIGO-DEL-RIO-2026-007.jpeg 1280w\" sizes=\"auto, (max-width: 1024px) 100vw, 1024px\" \/><\/figure>\n\n\n\n<p>Este acto solemne simboliza la continuidad del trabajo institucional y el compromiso de servicio p\u00fablico, reconociendo el esfuerzo, la responsabilidad y la dedicaci\u00f3n de quienes han servido y de quienes asumen la encomienda de representar a su agencia.<\/p>\n\n\n\n<p>El <strong>Honorable Ayuntamiento de San Andr\u00e9s Dinicuiti<\/strong>, encabezado por la <strong>C. Yessica Cruz Ortiz<\/strong>, reafirma su compromiso de <strong>trabajar de manera coordinada y cercana con cada una de sus agencias municipales<\/strong>, fortaleciendo la colaboraci\u00f3n, el di\u00e1logo y el desarrollo conjunto, siempre en beneficio del bienestar social y del progreso del municipio.<\/p>\n\n\n\n<p>Con acciones como esta, el Gobierno Municipal contin\u00faa impulsando una gesti\u00f3n basada en la <strong>unidad, el respeto y la participaci\u00f3n ciudadana<\/strong>, pilares fundamentales para el desarrollo de San Andr\u00e9s Dinicuiti.<\/p>\n\n\n\n<figure class=\"wp-block-image aligncenter size-large is-resized\"><img loading=\"lazy\" decoding=\"async\" width=\"1024\" height=\"768\" src=\"https:\/\/san-andres-dinicuiti.org\/wp-content\/uploads\/2026\/01\/PROTESTA-SANTAIGO-DEL-RIO-2026-012-1024x768.jpeg\" alt=\"\" class=\"wp-image-3714\" style=\"width:525px;height:auto\" srcset=\"https:\/\/san-andres-dinicuiti.org\/wp-content\/uploads\/2026\/01\/PROTESTA-SANTAIGO-DEL-RIO-2026-012-1024x768.jpeg 1024w, https:\/\/san-andres-dinicuiti.org\/wp-content\/uploads\/2026\/01\/PROTESTA-SANTAIGO-DEL-RIO-2026-012-300x225.jpeg 300w, https:\/\/san-andres-dinicuiti.org\/wp-content\/uploads\/2026\/01\/PROTESTA-SANTAIGO-DEL-RIO-2026-012-768x576.jpeg 768w, https:\/\/san-andres-dinicuiti.org\/wp-content\/uploads\/2026\/01\/PROTESTA-SANTAIGO-DEL-RIO-2026-012.jpeg 1280w\" sizes=\"auto, (max-width: 1024px) 100vw, 1024px\" \/><\/figure>\n","protected":false},"excerpt":{"rendered":"<p>San Andr\u00e9s Dinicuiti, Oax.\u2014 El d\u00eda 09 de enero, a las 10:00 horas, se llev\u00f3 a cabo la Toma de Protesta de las Autoridades Auxiliares electas para el periodo 2026 de la Agencia Municipal de Santiago del R\u00edo, mediante una Sesi\u00f3n Solemne realizada en las instalaciones de dicha agencia. A este acto protocolario asistieron integrantes [&hellip;]<\/p>\n","protected":false},"author":1,"featured_media":3713,"comment_status":"open","ping_status":"open","sticky":false,"template":"","format":"standard","meta":{"_gspb_post_css":"","footnotes":""},"categories":[26],"tags":[],"class_list":["post-3710","post","type-post","status-publish","format-standard","has-post-thumbnail","hentry","category-noticias"],"blocksy_meta":[],"_links":{"self":[{"href":"https:\/\/san-andres-dinicuiti.org\/hello-world\/wp-json\/wp\/v2\/posts\/3710","targetHints":{"allow":["GET"]}}],"collection":[{"href":"https:\/\/san-andres-dinicuiti.org\/hello-world\/wp-json\/wp\/v2\/posts"}],"about":[{"href":"https:\/\/san-andres-dinicuiti.org\/hello-world\/wp-json\/wp\/v2\/types\/post"}],"author":[{"embeddable":true,"href":"https:\/\/san-andres-dinicuiti.org\/hello-world\/wp-json\/wp\/v2\/users\/1"}],"replies":[{"embeddable":true,"href":"https:\/\/san-andres-dinicuiti.org\/hello-world\/wp-json\/wp\/v2\/comments?post=3710"}],"version-history":[{"count":1,"href":"https:\/\/san-andres-dinicuiti.org\/hello-world\/wp-json\/wp\/v2\/posts\/3710\/revisions"}],"predecessor-version":[{"id":3715,"href":"https:\/\/san-andres-dinicuiti.org\/hello-world\/wp-json\/wp\/v2\/posts\/3710\/revisions\/3715"}],"wp:featuredmedia":[{"embeddable":true,"href":"https:\/\/san-andres-dinicuiti.org\/hello-world\/wp-json\/wp\/v2\/media\/3713"}],"wp:attachment":[{"href":"https:\/\/san-andres-dinicuiti.org\/hello-world\/wp-json\/wp\/v2\/media?parent=3710"}],"wp:term":[{"taxonomy":"category","embeddable":true,"href":"https:\/\/san-andres-dinicuiti.org\/hello-world\/wp-json\/wp\/v2\/categories?post=3710"},{"taxonomy":"post_tag","embeddable":true,"href":"https:\/\/san-andres-dinicuiti.org\/hello-world\/wp-json\/wp\/v2\/tags?post=3710"}],"curies":[{"name":"wp","href":"https:\/\/api.w.org\/{rel}","templated":true}]}}