{"id":3735,"date":"2026-02-03T16:38:00","date_gmt":"2026-02-03T22:38:00","guid":{"rendered":"https:\/\/san-andres-dinicuiti.org\/hello-world\/?p=3735"},"modified":"2026-02-24T02:17:12","modified_gmt":"2026-02-24T08:17:12","slug":"jornada-de-acreditacion-de-autoridades-auxiliares-2026","status":"publish","type":"post","link":"https:\/\/san-andres-dinicuiti.org\/hello-world\/jornada-de-acreditacion-de-autoridades-auxiliares-2026\/","title":{"rendered":"Jornada de Acreditaci\u00f3n de Autoridades Auxiliares 2026"},"content":{"rendered":"\n<p>El <strong>03 de febrero de 2026<\/strong>, dando continuidad a la <em>Jornada de Acreditaci\u00f3n de Autoridades Auxiliares 2026<\/em>, la administraci\u00f3n del <strong>H. Ayuntamiento Constitucional de San Andr\u00e9s Dinicuiti<\/strong> brind\u00f3 el acompa\u00f1amiento y apoyo institucional durante el proceso de acreditaci\u00f3n de las autoridades auxiliares electas para el ejercicio 2026, conforme a los <strong>usos y costumbres<\/strong> que rigen al municipio.<\/p>\n\n\n\n<figure class=\"wp-block-image aligncenter size-large is-resized\"><img loading=\"lazy\" decoding=\"async\" width=\"1024\" height=\"770\" src=\"https:\/\/san-andres-dinicuiti.org\/wp-content\/uploads\/2026\/02\/ACREDITACIONES-2026-03-1024x770.jpeg\" alt=\"\" class=\"wp-image-3736\" style=\"aspect-ratio:1.329897764109384;width:448px;height:auto\" srcset=\"https:\/\/san-andres-dinicuiti.org\/wp-content\/uploads\/2026\/02\/ACREDITACIONES-2026-03-1024x770.jpeg 1024w, https:\/\/san-andres-dinicuiti.org\/wp-content\/uploads\/2026\/02\/ACREDITACIONES-2026-03-300x226.jpeg 300w, https:\/\/san-andres-dinicuiti.org\/wp-content\/uploads\/2026\/02\/ACREDITACIONES-2026-03-768x578.jpeg 768w, https:\/\/san-andres-dinicuiti.org\/wp-content\/uploads\/2026\/02\/ACREDITACIONES-2026-03.jpeg 1280w\" sizes=\"auto, (max-width: 1024px) 100vw, 1024px\" \/><\/figure>\n\n\n\n<p>Como resultado de esta jornada, se llev\u00f3 a cabo la acreditaci\u00f3n oficial de las siguientes autoridades auxiliares:<\/p>\n\n\n\n<ul class=\"wp-block-list\">\n<li><strong>Agencia Municipal de Santiago del R\u00edo<\/strong>, a cargo del C. <strong>Bernardino G. G.<\/strong>, Agente Municipal.<\/li>\n\n\n\n<li><strong>Agencia de Polic\u00eda de Santa Mar\u00eda Tutla<\/strong>, representada por el C. <strong>Ricardo C. M.<\/strong>, Agente de Polic\u00eda.<\/li>\n\n\n\n<li><strong>Agencia de Polic\u00eda de San Antonio de Le\u00f3n<\/strong>, encabezada por el C. <strong>Juan Jos\u00e9 M. C.<\/strong>, Agente de Polic\u00eda.<\/li>\n\n\n\n<li><strong>N\u00facleo Rural Reforma<\/strong>, representado por el C. <strong>Armando L. M.<\/strong>, Representante de N\u00facleo Rural.<\/li>\n<\/ul>\n\n\n\n<figure class=\"wp-block-image aligncenter size-large is-resized\"><img loading=\"lazy\" decoding=\"async\" width=\"1024\" height=\"770\" src=\"https:\/\/san-andres-dinicuiti.org\/wp-content\/uploads\/2026\/02\/ACREDITACIONES-2026-02-1024x770.jpeg\" alt=\"\" class=\"wp-image-3738\" style=\"aspect-ratio:1.329897764109384;width:449px;height:auto\" srcset=\"https:\/\/san-andres-dinicuiti.org\/wp-content\/uploads\/2026\/02\/ACREDITACIONES-2026-02-1024x770.jpeg 1024w, https:\/\/san-andres-dinicuiti.org\/wp-content\/uploads\/2026\/02\/ACREDITACIONES-2026-02-300x226.jpeg 300w, https:\/\/san-andres-dinicuiti.org\/wp-content\/uploads\/2026\/02\/ACREDITACIONES-2026-02-768x578.jpeg 768w, https:\/\/san-andres-dinicuiti.org\/wp-content\/uploads\/2026\/02\/ACREDITACIONES-2026-02.jpeg 1280w\" sizes=\"auto, (max-width: 1024px) 100vw, 1024px\" \/><\/figure>\n\n\n\n<p>Todas las autoridades mencionadas resultaron electas durante sus respectivas <strong>asambleas comunitarias celebradas el pasado 7 de diciembre de 2025<\/strong>, en apego a los usos y costumbres del municipio.<\/p>\n\n\n\n<p>El <strong>H. Ayuntamiento de San Andr\u00e9s Dinicuiti<\/strong> refrenda su compromiso de trabajar de manera <strong>coordinada y respetuosa con las agencias y n\u00facleos rurales<\/strong>, otorgando certeza jur\u00eddica a los acuerdos comunitarios y fortaleciendo los procesos de gobernanza local, siempre con el objetivo de impulsar el desarrollo, el orden y el bienestar de las y los ciudadanos.<\/p>\n\n\n\n<figure class=\"wp-block-image aligncenter size-large is-resized\"><img loading=\"lazy\" decoding=\"async\" width=\"1024\" height=\"770\" src=\"https:\/\/san-andres-dinicuiti.org\/wp-content\/uploads\/2026\/02\/ACREDITACIONES-2026-01-1024x770.jpeg\" alt=\"\" class=\"wp-image-3737\" style=\"aspect-ratio:1.329897764109384;width:487px;height:auto\" srcset=\"https:\/\/san-andres-dinicuiti.org\/wp-content\/uploads\/2026\/02\/ACREDITACIONES-2026-01-1024x770.jpeg 1024w, https:\/\/san-andres-dinicuiti.org\/wp-content\/uploads\/2026\/02\/ACREDITACIONES-2026-01-300x226.jpeg 300w, https:\/\/san-andres-dinicuiti.org\/wp-content\/uploads\/2026\/02\/ACREDITACIONES-2026-01-768x578.jpeg 768w, https:\/\/san-andres-dinicuiti.org\/wp-content\/uploads\/2026\/02\/ACREDITACIONES-2026-01.jpeg 1280w\" sizes=\"auto, (max-width: 1024px) 100vw, 1024px\" \/><\/figure>\n","protected":false},"excerpt":{"rendered":"<p>El 03 de febrero de 2026, dando continuidad a la Jornada de Acreditaci\u00f3n de Autoridades Auxiliares 2026, la administraci\u00f3n del H. Ayuntamiento Constitucional de San Andr\u00e9s Dinicuiti brind\u00f3 el acompa\u00f1amiento y apoyo institucional durante el proceso de acreditaci\u00f3n de las autoridades auxiliares electas para el ejercicio 2026, conforme a los usos y costumbres que rigen [&hellip;]<\/p>\n","protected":false},"author":1,"featured_media":3737,"comment_status":"open","ping_status":"open","sticky":false,"template":"","format":"standard","meta":{"_gspb_post_css":"","footnotes":""},"categories":[26],"tags":[],"class_list":["post-3735","post","type-post","status-publish","format-standard","has-post-thumbnail","hentry","category-noticias"],"blocksy_meta":[],"_links":{"self":[{"href":"https:\/\/san-andres-dinicuiti.org\/hello-world\/wp-json\/wp\/v2\/posts\/3735","targetHints":{"allow":["GET"]}}],"collection":[{"href":"https:\/\/san-andres-dinicuiti.org\/hello-world\/wp-json\/wp\/v2\/posts"}],"about":[{"href":"https:\/\/san-andres-dinicuiti.org\/hello-world\/wp-json\/wp\/v2\/types\/post"}],"author":[{"embeddable":true,"href":"https:\/\/san-andres-dinicuiti.org\/hello-world\/wp-json\/wp\/v2\/users\/1"}],"replies":[{"embeddable":true,"href":"https:\/\/san-andres-dinicuiti.org\/hello-world\/wp-json\/wp\/v2\/comments?post=3735"}],"version-history":[{"count":1,"href":"https:\/\/san-andres-dinicuiti.org\/hello-world\/wp-json\/wp\/v2\/posts\/3735\/revisions"}],"predecessor-version":[{"id":3739,"href":"https:\/\/san-andres-dinicuiti.org\/hello-world\/wp-json\/wp\/v2\/posts\/3735\/revisions\/3739"}],"wp:featuredmedia":[{"embeddable":true,"href":"https:\/\/san-andres-dinicuiti.org\/hello-world\/wp-json\/wp\/v2\/media\/3737"}],"wp:attachment":[{"href":"https:\/\/san-andres-dinicuiti.org\/hello-world\/wp-json\/wp\/v2\/media?parent=3735"}],"wp:term":[{"taxonomy":"category","embeddable":true,"href":"https:\/\/san-andres-dinicuiti.org\/hello-world\/wp-json\/wp\/v2\/categories?post=3735"},{"taxonomy":"post_tag","embeddable":true,"href":"https:\/\/san-andres-dinicuiti.org\/hello-world\/wp-json\/wp\/v2\/tags?post=3735"}],"curies":[{"name":"wp","href":"https:\/\/api.w.org\/{rel}","templated":true}]}}