{"id":3761,"date":"2026-03-13T16:54:09","date_gmt":"2026-03-13T22:54:09","guid":{"rendered":"https:\/\/san-andres-dinicuiti.org\/hello-world\/?p=3761"},"modified":"2026-03-15T16:59:41","modified_gmt":"2026-03-15T22:59:41","slug":"conmemoracion-del-dia-de-la-samaritana-en-san-andres-dinicuiti","status":"publish","type":"post","link":"https:\/\/san-andres-dinicuiti.org\/hello-world\/conmemoracion-del-dia-de-la-samaritana-en-san-andres-dinicuiti\/","title":{"rendered":"Conmemoraci\u00f3n del D\u00eda de la Samaritana en San Andr\u00e9s Dinicuiti"},"content":{"rendered":"\n<p>este <strong>viernes 13 de marzo<\/strong>, en la <strong>explanada de la Presidencia Municipal de San Andr\u00e9s Dinicuiti<\/strong>, se llev\u00f3 a cabo la conmemoraci\u00f3n del <strong>D\u00eda de la Samaritana<\/strong>, una tradici\u00f3n que promueve valores como la <strong>generosidad, la empat\u00eda y el esp\u00edritu de compartir con los dem\u00e1s<\/strong>.<\/p>\n\n\n\n<figure class=\"wp-block-image aligncenter size-large is-resized\"><img loading=\"lazy\" decoding=\"async\" width=\"1024\" height=\"771\" src=\"https:\/\/san-andres-dinicuiti.org\/wp-content\/uploads\/2026\/03\/IMG_20260313_110556-1-1024x771.jpg\" alt=\"\" class=\"wp-image-3763\" style=\"aspect-ratio:1.3281314850170167;width:490px;height:auto\" srcset=\"https:\/\/san-andres-dinicuiti.org\/wp-content\/uploads\/2026\/03\/IMG_20260313_110556-1-1024x771.jpg 1024w, https:\/\/san-andres-dinicuiti.org\/wp-content\/uploads\/2026\/03\/IMG_20260313_110556-1-300x226.jpg 300w, https:\/\/san-andres-dinicuiti.org\/wp-content\/uploads\/2026\/03\/IMG_20260313_110556-1-768x578.jpg 768w, https:\/\/san-andres-dinicuiti.org\/wp-content\/uploads\/2026\/03\/IMG_20260313_110556-1-1536x1157.jpg 1536w, https:\/\/san-andres-dinicuiti.org\/wp-content\/uploads\/2026\/03\/IMG_20260313_110556-1-2048x1542.jpg 2048w\" sizes=\"auto, (max-width: 1024px) 100vw, 1024px\" \/><\/figure>\n\n\n\n<p>En esta actividad participaron diversas instituciones del municipio, entre ellas la <strong>Escuela Primaria<\/strong>, la <strong>Telesecundaria<\/strong>, el <strong>IEBO Plantel 109<\/strong>, as\u00ed como el <strong>personal de la Unidad de Salud<\/strong>, la <strong>Comandancia de Polic\u00eda<\/strong> y el <strong>H. Ayuntamiento de San Andr\u00e9s Dinicuiti<\/strong>, quienes se sumaron con entusiasmo a esta celebraci\u00f3n comunitaria.<\/p>\n\n\n\n<figure class=\"wp-block-image aligncenter size-large is-resized\"><img loading=\"lazy\" decoding=\"async\" width=\"1024\" height=\"771\" src=\"https:\/\/san-andres-dinicuiti.org\/wp-content\/uploads\/2026\/03\/IMG_20260313_104216-1024x771.jpg\" alt=\"\" class=\"wp-image-3766\" style=\"aspect-ratio:1.3281314850170167;width:519px;height:auto\" srcset=\"https:\/\/san-andres-dinicuiti.org\/wp-content\/uploads\/2026\/03\/IMG_20260313_104216-1024x771.jpg 1024w, https:\/\/san-andres-dinicuiti.org\/wp-content\/uploads\/2026\/03\/IMG_20260313_104216-300x226.jpg 300w, https:\/\/san-andres-dinicuiti.org\/wp-content\/uploads\/2026\/03\/IMG_20260313_104216-768x578.jpg 768w, https:\/\/san-andres-dinicuiti.org\/wp-content\/uploads\/2026\/03\/IMG_20260313_104216-1536x1157.jpg 1536w, https:\/\/san-andres-dinicuiti.org\/wp-content\/uploads\/2026\/03\/IMG_20260313_104216-2048x1542.jpg 2048w\" sizes=\"auto, (max-width: 1024px) 100vw, 1024px\" \/><\/figure>\n\n\n\n<p>Durante el evento, se compartieron con las y los asistentes <strong>aguas frescas de diferentes sabores<\/strong>, entre las que destacaron <strong>mazap\u00e1n, horchata, pi\u00f1a, sand\u00eda y fresa<\/strong>, brindando a la poblaci\u00f3n un momento de convivencia y fortalecimiento de nuestras tradiciones.<\/p>\n\n\n\n<p>El <strong>H. Ayuntamiento de San Andr\u00e9s Dinicuiti<\/strong> agradece la participaci\u00f3n de todas las instituciones y de la ciudadan\u00eda que form\u00f3 parte de esta significativa actividad, reafirmando el compromiso de <strong>preservar y promover las tradiciones que fortalecen la identidad y la convivencia de nuestra comunidad<\/strong>.<\/p>\n\n\n\n<figure class=\"wp-block-image aligncenter size-large is-resized\"><img loading=\"lazy\" decoding=\"async\" width=\"1024\" height=\"771\" src=\"https:\/\/san-andres-dinicuiti.org\/wp-content\/uploads\/2026\/03\/IMG_20260313_104123-1024x771.jpg\" alt=\"\" class=\"wp-image-3764\" style=\"aspect-ratio:1.3281314850170167;width:518px;height:auto\" srcset=\"https:\/\/san-andres-dinicuiti.org\/wp-content\/uploads\/2026\/03\/IMG_20260313_104123-1024x771.jpg 1024w, https:\/\/san-andres-dinicuiti.org\/wp-content\/uploads\/2026\/03\/IMG_20260313_104123-300x226.jpg 300w, https:\/\/san-andres-dinicuiti.org\/wp-content\/uploads\/2026\/03\/IMG_20260313_104123-768x578.jpg 768w, https:\/\/san-andres-dinicuiti.org\/wp-content\/uploads\/2026\/03\/IMG_20260313_104123-1536x1157.jpg 1536w, https:\/\/san-andres-dinicuiti.org\/wp-content\/uploads\/2026\/03\/IMG_20260313_104123-2048x1542.jpg 2048w\" sizes=\"auto, (max-width: 1024px) 100vw, 1024px\" \/><\/figure>\n","protected":false},"excerpt":{"rendered":"<p>este viernes 13 de marzo, en la explanada de la Presidencia Municipal de San Andr\u00e9s Dinicuiti, se llev\u00f3 a cabo la conmemoraci\u00f3n del D\u00eda de la Samaritana, una tradici\u00f3n que promueve valores como la generosidad, la empat\u00eda y el esp\u00edritu de compartir con los dem\u00e1s. En esta actividad participaron diversas instituciones del municipio, entre ellas [&hellip;]<\/p>\n","protected":false},"author":1,"featured_media":3765,"comment_status":"open","ping_status":"open","sticky":false,"template":"","format":"standard","meta":{"_gspb_post_css":"","footnotes":""},"categories":[26],"tags":[],"class_list":["post-3761","post","type-post","status-publish","format-standard","has-post-thumbnail","hentry","category-noticias"],"blocksy_meta":[],"_links":{"self":[{"href":"https:\/\/san-andres-dinicuiti.org\/hello-world\/wp-json\/wp\/v2\/posts\/3761","targetHints":{"allow":["GET"]}}],"collection":[{"href":"https:\/\/san-andres-dinicuiti.org\/hello-world\/wp-json\/wp\/v2\/posts"}],"about":[{"href":"https:\/\/san-andres-dinicuiti.org\/hello-world\/wp-json\/wp\/v2\/types\/post"}],"author":[{"embeddable":true,"href":"https:\/\/san-andres-dinicuiti.org\/hello-world\/wp-json\/wp\/v2\/users\/1"}],"replies":[{"embeddable":true,"href":"https:\/\/san-andres-dinicuiti.org\/hello-world\/wp-json\/wp\/v2\/comments?post=3761"}],"version-history":[{"count":1,"href":"https:\/\/san-andres-dinicuiti.org\/hello-world\/wp-json\/wp\/v2\/posts\/3761\/revisions"}],"predecessor-version":[{"id":3767,"href":"https:\/\/san-andres-dinicuiti.org\/hello-world\/wp-json\/wp\/v2\/posts\/3761\/revisions\/3767"}],"wp:featuredmedia":[{"embeddable":true,"href":"https:\/\/san-andres-dinicuiti.org\/hello-world\/wp-json\/wp\/v2\/media\/3765"}],"wp:attachment":[{"href":"https:\/\/san-andres-dinicuiti.org\/hello-world\/wp-json\/wp\/v2\/media?parent=3761"}],"wp:term":[{"taxonomy":"category","embeddable":true,"href":"https:\/\/san-andres-dinicuiti.org\/hello-world\/wp-json\/wp\/v2\/categories?post=3761"},{"taxonomy":"post_tag","embeddable":true,"href":"https:\/\/san-andres-dinicuiti.org\/hello-world\/wp-json\/wp\/v2\/tags?post=3761"}],"curies":[{"name":"wp","href":"https:\/\/api.w.org\/{rel}","templated":true}]}}